{"id":47742,"date":"2023-11-01T12:37:35","date_gmt":"2023-11-01T15:37:35","guid":{"rendered":"https:\/\/infovera.com.ar\/web\/?p=47742"},"modified":"2023-11-01T12:37:35","modified_gmt":"2023-11-01T15:37:35","slug":"liga-femenina-u14-de-basquet","status":"publish","type":"post","link":"https:\/\/infovera.com.ar\/web\/2023\/11\/01\/liga-femenina-u14-de-basquet\/","title":{"rendered":"Liga Femenina U14 de B\u00e1squet"},"content":{"rendered":"<p>Por primera vez, se disput\u00f3 un encuentro de la Liga Femenina de B\u00e1squet de la Categor\u00eda U14 en el Centro Recreativo Calchaqu\u00ed.<\/p>\n<p>El intendente Rub\u00e9n Cuellb dio la bienvenida a las delegaciones.<\/p>\n<p>Participaron en esta ocasi\u00f3n Uni\u00f3n de Avellaneda, Adelante de Reconquista, Central de San Javier, C\u00edrculo de Vera y el CRC.<\/p>\n<p>Cabe destacar que en la zona nunca se hab\u00eda conformado esta liga, lo que demuestra un destacado protagonismo de las chicas en este deporte que crece d\u00eda a d\u00eda, gracias al acompa\u00f1amiento de las instituciones y de las familias<\/p>\n","protected":false},"excerpt":{"rendered":"<p>Por primera vez, se disput\u00f3 un encuentro de la Liga Femenina de B\u00e1squet de la Categor\u00eda U14 en el Centro Recreativo Calchaqu\u00ed. El intendente Rub\u00e9n Cuellb dio la bienvenida a las delegaciones. Participaron en esta ocasi\u00f3n Uni\u00f3n de Avellaneda, Adelante de Reconquista, Central de San Javier, C\u00edrculo de Vera y el CRC. Cabe destacar que [&hellip;]<\/p>\n","protected":false},"author":3,"featured_media":47743,"comment_status":"closed","ping_status":"closed","sticky":false,"template":"","format":"standard","meta":{"_joinchat":[],"footnotes":""},"categories":[52,31],"tags":[],"class_list":{"0":"post-47742","1":"post","2":"type-post","3":"status-publish","4":"format-standard","5":"has-post-thumbnail","7":"category-calchaqui","8":"category-deportes"},"_links":{"self":[{"href":"https:\/\/infovera.com.ar\/web\/wp-json\/wp\/v2\/posts\/47742","targetHints":{"allow":["GET"]}}],"collection":[{"href":"https:\/\/infovera.com.ar\/web\/wp-json\/wp\/v2\/posts"}],"about":[{"href":"https:\/\/infovera.com.ar\/web\/wp-json\/wp\/v2\/types\/post"}],"author":[{"embeddable":true,"href":"https:\/\/infovera.com.ar\/web\/wp-json\/wp\/v2\/users\/3"}],"replies":[{"embeddable":true,"href":"https:\/\/infovera.com.ar\/web\/wp-json\/wp\/v2\/comments?post=47742"}],"version-history":[{"count":0,"href":"https:\/\/infovera.com.ar\/web\/wp-json\/wp\/v2\/posts\/47742\/revisions"}],"wp:featuredmedia":[{"embeddable":true,"href":"https:\/\/infovera.com.ar\/web\/wp-json\/wp\/v2\/media\/47743"}],"wp:attachment":[{"href":"https:\/\/infovera.com.ar\/web\/wp-json\/wp\/v2\/media?parent=47742"}],"wp:term":[{"taxonomy":"category","embeddable":true,"href":"https:\/\/infovera.com.ar\/web\/wp-json\/wp\/v2\/categories?post=47742"},{"taxonomy":"post_tag","embeddable":true,"href":"https:\/\/infovera.com.ar\/web\/wp-json\/wp\/v2\/tags?post=47742"}],"curies":[{"name":"wp","href":"https:\/\/api.w.org\/{rel}","templated":true}]}}