{"id":47739,"date":"2023-11-01T12:33:27","date_gmt":"2023-11-01T15:33:27","guid":{"rendered":"https:\/\/infovera.com.ar\/web\/?p=47739"},"modified":"2023-11-01T12:33:27","modified_gmt":"2023-11-01T15:33:27","slug":"amra-pidio-reanudar-la-paritaria","status":"publish","type":"post","link":"https:\/\/infovera.com.ar\/web\/2023\/11\/01\/amra-pidio-reanudar-la-paritaria\/","title":{"rendered":"AMRA pidi\u00f3 reanudar la paritaria"},"content":{"rendered":"<div dir=\"auto\">Lo hizo el secretario general, Dr. Eduardo Manuel Taboada, mediante una nota dirigida al ministro de trabajo de la provincia, Juan Manuel Pusineri, en la que, en virtud del acuerdo firmado el 17 de agosto solicita la continuidad de la paritaria en el marco de la Ley 13042.<\/div>\n<div dir=\"auto\"><\/div>\n<div dir=\"auto\">Entre las pautas econ\u00f3micas del temario se incluye establecer una nueva cl\u00e1usula de revisi\u00f3n para la inflaci\u00f3n del mes de noviembre, con retroactividad a la diferencia correspondiente al mes de setiembre y los aumentos acordados a esa fecha.<\/div>\n<div dir=\"auto\"><\/div>\n<div dir=\"auto\">Tambi\u00e9n se pide la conversi\u00f3n del \u00edtem 0431\/22 en bonificable y actualizaci\u00f3n de los adicionales de Guardia Activa, Guardia Activa en Emergencia, APS, M\u00e9dico Rural, intensivismo, etc., donde se adeuda el 34% del a\u00f1o 2020.<\/div>\n<div dir=\"auto\"><\/div>\n<div dir=\"auto\">Otro punto a discutir es la incorporaci\u00f3n del adicional Guardia Activa en Emergencia a los profesionales del SET y la guardia de especialidad del 3er. Nivel, reconocimiento a los directores de Samcos, cargo con 44 horas semanales, adem\u00e1s de los suplementos para especialistas debidamente reconocidos por el respectivo Colegio y con ejercicio efectivo.<\/div>\n<div dir=\"auto\"><\/div>\n<div dir=\"auto\">En cuanto a las condiciones de trabajo, la entidad solicita cambios de escalaf\u00f3n y\/o agrupamiento, tanto a los profesionales con t\u00edtulo universitario como a los licenciados en producci\u00f3n de bioim\u00e1genes y licenciados en enfermer\u00eda.<\/div>\n<div dir=\"auto\"><\/div>\n<div dir=\"auto\">Letyana Press<\/div>\n","protected":false},"excerpt":{"rendered":"<p>Lo hizo el secretario general, Dr. Eduardo Manuel Taboada, mediante una nota dirigida al ministro de trabajo de la provincia, Juan Manuel Pusineri, en la que, en virtud del acuerdo firmado el 17 de agosto solicita la continuidad de la paritaria en el marco de la Ley 13042. Entre las pautas econ\u00f3micas del temario se [&hellip;]<\/p>\n","protected":false},"author":3,"featured_media":47740,"comment_status":"closed","ping_status":"closed","sticky":false,"template":"","format":"standard","meta":{"_joinchat":[],"footnotes":""},"categories":[60],"tags":[],"class_list":{"0":"post-47739","1":"post","2":"type-post","3":"status-publish","4":"format-standard","5":"has-post-thumbnail","7":"category-provinciales"},"_links":{"self":[{"href":"https:\/\/infovera.com.ar\/web\/wp-json\/wp\/v2\/posts\/47739","targetHints":{"allow":["GET"]}}],"collection":[{"href":"https:\/\/infovera.com.ar\/web\/wp-json\/wp\/v2\/posts"}],"about":[{"href":"https:\/\/infovera.com.ar\/web\/wp-json\/wp\/v2\/types\/post"}],"author":[{"embeddable":true,"href":"https:\/\/infovera.com.ar\/web\/wp-json\/wp\/v2\/users\/3"}],"replies":[{"embeddable":true,"href":"https:\/\/infovera.com.ar\/web\/wp-json\/wp\/v2\/comments?post=47739"}],"version-history":[{"count":0,"href":"https:\/\/infovera.com.ar\/web\/wp-json\/wp\/v2\/posts\/47739\/revisions"}],"wp:featuredmedia":[{"embeddable":true,"href":"https:\/\/infovera.com.ar\/web\/wp-json\/wp\/v2\/media\/47740"}],"wp:attachment":[{"href":"https:\/\/infovera.com.ar\/web\/wp-json\/wp\/v2\/media?parent=47739"}],"wp:term":[{"taxonomy":"category","embeddable":true,"href":"https:\/\/infovera.com.ar\/web\/wp-json\/wp\/v2\/categories?post=47739"},{"taxonomy":"post_tag","embeddable":true,"href":"https:\/\/infovera.com.ar\/web\/wp-json\/wp\/v2\/tags?post=47739"}],"curies":[{"name":"wp","href":"https:\/\/api.w.org\/{rel}","templated":true}]}}