{"id":47736,"date":"2023-11-01T12:30:45","date_gmt":"2023-11-01T15:30:45","guid":{"rendered":"https:\/\/infovera.com.ar\/web\/?p=47736"},"modified":"2023-11-01T12:30:45","modified_gmt":"2023-11-01T15:30:45","slug":"cabellos-solidarios","status":"publish","type":"post","link":"https:\/\/infovera.com.ar\/web\/2023\/11\/01\/cabellos-solidarios\/","title":{"rendered":"Cabellos solidarios"},"content":{"rendered":"<p style=\"font-weight: 400;\">A pesar del clima amenazante, se realiz\u00f3 la 6ta. campa\u00f1a de \u201cCabellos por sonrisas\u201d, en calle Corrientes, que adem\u00e1s de donar cabello pod\u00edan colaborar con pa\u00f1ales, juguetes, \u00fatiles escolares, leche en polvo y tambi\u00e9n alimentos no perecederos porque este a\u00f1o la colaboraci\u00f3n se extender\u00e1 al Hospital Regional, sala de Pediatr\u00eda y Asilo de Ancianos; adem\u00e1s de Federaci\u00f3n Argentina Onco Hematol\u00f3gica Pedi\u00e1trica (FAOHP), con sede en la ciudad de Rosario.<\/p>\n<p style=\"font-weight: 400;\">Si bien los mechones deben tener 20 cm de largo, tambi\u00e9n hubo quienes accedieron al corte a cambio de un donativo de los requeridos.<\/p>\n<p style=\"font-weight: 400;\">El equipo de \u201cCabellos por sonrisas\u201d pide sumarse, apoyar y difundir esta propuesta porque su lema es \u201centre todos podemos lograr grandes cosas\u201d.<\/p>\n<p style=\"font-weight: 400;\">En esta oportunidad se totalizaron 60 cortes que sumaron 2,630 kgrs. de cabello y se recibi\u00f3 una importante cantidad de donativos.<\/p>\n<p style=\"font-weight: 400;\">Esta noble acci\u00f3n de los peluqueros verenses se repetir\u00e1 el 8 de diciembre, esta vez se sumar\u00e1 un equipo de barberos, que har\u00e1n cortes masculinos a cambio de pa\u00f1ales, leche en polvo y juguetes.<\/p>\n<p>Letyana Press<\/p>\n<p style=\"font-weight: 400;\">\n","protected":false},"excerpt":{"rendered":"<p>A pesar del clima amenazante, se realiz\u00f3 la 6ta. campa\u00f1a de \u201cCabellos por sonrisas\u201d, en calle Corrientes, que adem\u00e1s de donar cabello pod\u00edan colaborar con pa\u00f1ales, juguetes, \u00fatiles escolares, leche en polvo y tambi\u00e9n alimentos no perecederos porque este a\u00f1o la colaboraci\u00f3n se extender\u00e1 al Hospital Regional, sala de Pediatr\u00eda y Asilo de Ancianos; adem\u00e1s [&hellip;]<\/p>\n","protected":false},"author":3,"featured_media":47737,"comment_status":"closed","ping_status":"closed","sticky":false,"template":"","format":"standard","meta":{"_joinchat":[],"footnotes":""},"categories":[53],"tags":[],"class_list":{"0":"post-47736","1":"post","2":"type-post","3":"status-publish","4":"format-standard","5":"has-post-thumbnail","7":"category-vera"},"_links":{"self":[{"href":"https:\/\/infovera.com.ar\/web\/wp-json\/wp\/v2\/posts\/47736","targetHints":{"allow":["GET"]}}],"collection":[{"href":"https:\/\/infovera.com.ar\/web\/wp-json\/wp\/v2\/posts"}],"about":[{"href":"https:\/\/infovera.com.ar\/web\/wp-json\/wp\/v2\/types\/post"}],"author":[{"embeddable":true,"href":"https:\/\/infovera.com.ar\/web\/wp-json\/wp\/v2\/users\/3"}],"replies":[{"embeddable":true,"href":"https:\/\/infovera.com.ar\/web\/wp-json\/wp\/v2\/comments?post=47736"}],"version-history":[{"count":0,"href":"https:\/\/infovera.com.ar\/web\/wp-json\/wp\/v2\/posts\/47736\/revisions"}],"wp:featuredmedia":[{"embeddable":true,"href":"https:\/\/infovera.com.ar\/web\/wp-json\/wp\/v2\/media\/47737"}],"wp:attachment":[{"href":"https:\/\/infovera.com.ar\/web\/wp-json\/wp\/v2\/media?parent=47736"}],"wp:term":[{"taxonomy":"category","embeddable":true,"href":"https:\/\/infovera.com.ar\/web\/wp-json\/wp\/v2\/categories?post=47736"},{"taxonomy":"post_tag","embeddable":true,"href":"https:\/\/infovera.com.ar\/web\/wp-json\/wp\/v2\/tags?post=47736"}],"curies":[{"name":"wp","href":"https:\/\/api.w.org\/{rel}","templated":true}]}}