{"id":47725,"date":"2023-10-31T18:19:52","date_gmt":"2023-10-31T21:19:52","guid":{"rendered":"https:\/\/infovera.com.ar\/web\/?p=47725"},"modified":"2023-10-31T18:24:35","modified_gmt":"2023-10-31T21:24:35","slug":"el-dr-ricardo-degoumois-querellara-al-abogado-de-los-algodonales-sa","status":"publish","type":"post","link":"https:\/\/infovera.com.ar\/web\/2023\/10\/31\/el-dr-ricardo-degoumois-querellara-al-abogado-de-los-algodonales-sa\/","title":{"rendered":"El Dr. Ricardo Degoumois querellar\u00e1 al abogado de Los Algodonales SA"},"content":{"rendered":"<p>La decisi\u00f3n del penalista reconquistense surge luego de las declaraciones p\u00fablicas del Dr. \u00c1ngel Roque Levis respecto de los juicios de usucapi\u00f3n, todo en el marco del caso en el que se investigan presuntas usurpaciones de campos en el norte verense.<\/p>\n<p>El Dr. Ricardo Degoumois dijo a <strong>InfoVera<\/strong> que &#8220;en primer lugar, yo como particular del estudio jur\u00eddico, lo voy a querellar al doctor Levis por esa manifestaci\u00f3n de hace d\u00edas de que hemos intentado inducir a enga\u00f1o a los jueces de primera, segunda y tercera nominaci\u00f3n&#8221;.<\/p>\n<p>Para el profesional, los dichos de Levis &#8220;lo \u00fanico que me acreditan es una falencia absoluta en sus conocimientos jur\u00eddicos, dado que las acciones se iniciaron en los juzgados de Vera, pero que por una amistad y justamente manteniendo la imparcialidad que es necesaria, que es indispensable en cualquier actividad jurisdiccional, los jueces se han excusado&#8221;.<\/p>\n<p>Fundament\u00f3 que &#8220;porque la Dra. Yedro ha trabajado conmigo en mi estudio y, obviamente, tiene una tremenda familiaridad y amistad durante much\u00edsimos a\u00f1os, y solamente para mantener la imparcialidad, es que ella dijo &#8216;no intervengo'&#8221;.<\/p>\n<p>Y, despu\u00e9s, por una disposici\u00f3n del C\u00f3digo Procesal y de la Ley Org\u00e1nica de Tribunales, las actuaciones se remitieron al subrogante legal, que &#8220;al subrogante legal no lo elegimos los abogados, sino que est\u00e1n dispuestos por la ley&#8221;, asever\u00f3.<\/p>\n<p>Para el penalista, &#8220;llama la atenci\u00f3n que despu\u00e9s de un a\u00f1o y medio litigando, y donde \u00e9l es el que est\u00e1 ejerciendo acabadamente todos sus derechos, y donde est\u00e1n presentados\u00a0 todos los abogados, el doctor Gauna Chapero, la doctora Fedra Busegh\u00edn, el doctor Oro\u00f1o, venga con estas manifestaciones que son muy alejadas al derecho y al tr\u00e1mite procesal&#8221;.<\/p>\n<p>&#8220;Y claramente nos sorprende la actitud y el tono del Dr. Levis, porque tenemos sobradas acreditaciones del valor t\u00e9cnico y jur\u00eddico de todos estos abogados. Y la verdad es que no entendemos a d\u00f3nde quiere llegar o cu\u00e1l es la estrategia, obviamente muy alejada de la sede de Tribunales, que intenta plasmar el doctor Levi&#8221;, critic\u00f3.<\/p>\n<p>M\u00e1s adelante, ironiz\u00f3 que &#8220;a lo mejor podr\u00eda ir a Bailando por un sue\u00f1o y a lo mejor ah\u00ed puede llegar a tener un poco m\u00e1s de fama, si es lo que estaba buscando. Porque no se entiende la actitud. Est\u00e1 litigando con todo el derecho, con todas las garant\u00edas, en absoluto entiendo que es lo que hace con este ataque medi\u00e1tico, inclusive a la misma justicia&#8221;.<\/p>\n<p>Para cerrar, el Dr. Degoumois confirm\u00f3: &#8220;Pero que s\u00ed le vamos a requerir explicaciones formales a la inmediata brevedad, porque nos vamos a consentir su actitud, y obviamente tambi\u00e9n una presentaci\u00f3n ante el Colegio de Abogados para que venga y explique qu\u00e9 quiere decir con eso de &#8216;enga\u00f1o'&#8221;.<\/p>\n","protected":false},"excerpt":{"rendered":"<p>La decisi\u00f3n del penalista reconquistense surge luego de las declaraciones p\u00fablicas del Dr. \u00c1ngel Roque Levis respecto de los juicios de usucapi\u00f3n, todo en el marco del caso en el que se investigan presuntas usurpaciones de campos en el norte verense. El Dr. Ricardo Degoumois dijo a InfoVera que &#8220;en primer lugar, yo como particular [&hellip;]<\/p>\n","protected":false},"author":3,"featured_media":45176,"comment_status":"closed","ping_status":"closed","sticky":false,"template":"","format":"standard","meta":{"_joinchat":[],"footnotes":""},"categories":[51],"tags":[],"class_list":{"0":"post-47725","1":"post","2":"type-post","3":"status-publish","4":"format-standard","5":"has-post-thumbnail","7":"category-locales"},"_links":{"self":[{"href":"https:\/\/infovera.com.ar\/web\/wp-json\/wp\/v2\/posts\/47725","targetHints":{"allow":["GET"]}}],"collection":[{"href":"https:\/\/infovera.com.ar\/web\/wp-json\/wp\/v2\/posts"}],"about":[{"href":"https:\/\/infovera.com.ar\/web\/wp-json\/wp\/v2\/types\/post"}],"author":[{"embeddable":true,"href":"https:\/\/infovera.com.ar\/web\/wp-json\/wp\/v2\/users\/3"}],"replies":[{"embeddable":true,"href":"https:\/\/infovera.com.ar\/web\/wp-json\/wp\/v2\/comments?post=47725"}],"version-history":[{"count":0,"href":"https:\/\/infovera.com.ar\/web\/wp-json\/wp\/v2\/posts\/47725\/revisions"}],"wp:featuredmedia":[{"embeddable":true,"href":"https:\/\/infovera.com.ar\/web\/wp-json\/wp\/v2\/media\/45176"}],"wp:attachment":[{"href":"https:\/\/infovera.com.ar\/web\/wp-json\/wp\/v2\/media?parent=47725"}],"wp:term":[{"taxonomy":"category","embeddable":true,"href":"https:\/\/infovera.com.ar\/web\/wp-json\/wp\/v2\/categories?post=47725"},{"taxonomy":"post_tag","embeddable":true,"href":"https:\/\/infovera.com.ar\/web\/wp-json\/wp\/v2\/tags?post=47725"}],"curies":[{"name":"wp","href":"https:\/\/api.w.org\/{rel}","templated":true}]}}