{"id":47703,"date":"2023-10-30T19:29:04","date_gmt":"2023-10-30T22:29:04","guid":{"rendered":"https:\/\/infovera.com.ar\/web\/?p=47703"},"modified":"2023-10-30T19:29:04","modified_gmt":"2023-10-30T22:29:04","slug":"fallecio-el-joven-que-estaba-grave-tras-chocar-contra-un-camion-estacionado","status":"publish","type":"post","link":"https:\/\/infovera.com.ar\/web\/2023\/10\/30\/fallecio-el-joven-que-estaba-grave-tras-chocar-contra-un-camion-estacionado\/","title":{"rendered":"Falleci\u00f3 el joven que estaba grave tras chocar contra un cami\u00f3n estacionado"},"content":{"rendered":"<p>El siniestro vial sucedi\u00f3 a 08:10 del domingo 29 de octubre de 2023, a la altura del 1.800 de la Ruta 40 S, en la zona oeste de la ciudad de Reconquista.<\/p>\n<p>Patricio G\u00f3mez S\u00e1nchez se trasladaba en un Peugeot 206 y tras embestir a un cami\u00f3n estacionado fue trasladado de urgencia al Hospital Central con hundimiento de cr\u00e1neo y p\u00e9rdida de masa encef\u00e1lica.<\/p>\n<p>Su estado es grav\u00edsimo y qued\u00f3 internado en terapia intensiva, informaron fuentes de la Unidad Regional IX de Polic\u00eda en ese momento.<\/p>\n<p>Pasadas las 18 de este lunes, desde el nosocomio local comunicaron su fallecimiento.<\/p>\n","protected":false},"excerpt":{"rendered":"<p>El siniestro vial sucedi\u00f3 a 08:10 del domingo 29 de octubre de 2023, a la altura del 1.800 de la Ruta 40 S, en la zona oeste de la ciudad de Reconquista. Patricio G\u00f3mez S\u00e1nchez se trasladaba en un Peugeot 206 y tras embestir a un cami\u00f3n estacionado fue trasladado de urgencia al Hospital Central [&hellip;]<\/p>\n","protected":false},"author":3,"featured_media":47646,"comment_status":"closed","ping_status":"closed","sticky":false,"template":"","format":"standard","meta":{"_joinchat":[],"footnotes":""},"categories":[30,55,61],"tags":[],"class_list":{"0":"post-47703","1":"post","2":"type-post","3":"status-publish","4":"format-standard","5":"has-post-thumbnail","7":"category-policiales","8":"category-reconquista","9":"category-regionales"},"_links":{"self":[{"href":"https:\/\/infovera.com.ar\/web\/wp-json\/wp\/v2\/posts\/47703","targetHints":{"allow":["GET"]}}],"collection":[{"href":"https:\/\/infovera.com.ar\/web\/wp-json\/wp\/v2\/posts"}],"about":[{"href":"https:\/\/infovera.com.ar\/web\/wp-json\/wp\/v2\/types\/post"}],"author":[{"embeddable":true,"href":"https:\/\/infovera.com.ar\/web\/wp-json\/wp\/v2\/users\/3"}],"replies":[{"embeddable":true,"href":"https:\/\/infovera.com.ar\/web\/wp-json\/wp\/v2\/comments?post=47703"}],"version-history":[{"count":0,"href":"https:\/\/infovera.com.ar\/web\/wp-json\/wp\/v2\/posts\/47703\/revisions"}],"wp:featuredmedia":[{"embeddable":true,"href":"https:\/\/infovera.com.ar\/web\/wp-json\/wp\/v2\/media\/47646"}],"wp:attachment":[{"href":"https:\/\/infovera.com.ar\/web\/wp-json\/wp\/v2\/media?parent=47703"}],"wp:term":[{"taxonomy":"category","embeddable":true,"href":"https:\/\/infovera.com.ar\/web\/wp-json\/wp\/v2\/categories?post=47703"},{"taxonomy":"post_tag","embeddable":true,"href":"https:\/\/infovera.com.ar\/web\/wp-json\/wp\/v2\/tags?post=47703"}],"curies":[{"name":"wp","href":"https:\/\/api.w.org\/{rel}","templated":true}]}}