{"id":47645,"date":"2023-10-29T12:32:50","date_gmt":"2023-10-29T15:32:50","guid":{"rendered":"https:\/\/infovera.com.ar\/web\/?p=47645"},"modified":"2023-10-30T20:08:02","modified_gmt":"2023-10-30T23:08:02","slug":"un-policia-esta-grave-tras-chocar-un-camion-estacionado","status":"publish","type":"post","link":"https:\/\/infovera.com.ar\/web\/2023\/10\/29\/un-policia-esta-grave-tras-chocar-un-camion-estacionado\/","title":{"rendered":"Un joven est\u00e1 grave tras chocar un cami\u00f3n estacionado"},"content":{"rendered":"<p>Al 1.800 de la Ruta 40 S, en la zona oeste de la ciudad, un joven sufri\u00f3 un grave accidente en la ma\u00f1ana del domingo.<\/p>\n<p>Patricio G\u00f3mez S\u00e1nchez choc\u00f3 en la parte trasera a un cami\u00f3n estacionado en la banquina la v\u00eda provincial.<\/p>\n<p>\u00danico ocupante del auto, un Peugeot 206, fue trasladado de urgencia al Hospital Central con hundimiento de cr\u00e1neo y p\u00e9rdida de masa encef\u00e1lica.<\/p>\n<p>Su estado es grav\u00edsimo y qued\u00f3 internado en terapia intensiva, informaron fuentes de la Unidad Regional IX de Polic\u00eda.<\/p>\n<p>De acuerdo a la informaci\u00f3n oficial, a las 8:10 numerarios del Destacamento XV de Reconquista -donde presta servicios una hermana de la v\u00edctima- fueron comisionados por la operadora de turno del 911, al barrio Lanceros del Sauce debido al accidente de tr\u00e1nsito.<\/p>\n<p>Al llegar al lugar, se encontraron con el Peugeot 206, color turquesa, que hab\u00eda impactado con la parte posterior de un acoplado, y con el conductor en grav\u00edsimo estado.<\/p>\n<p>En el lugar se hicieron presentes inspectores municipales y t\u00e9cnicos de Criminal\u00edstica que realizaron tareas inherentes a sus funciones.<\/p>\n<p><a href=\"https:\/\/infovera.com.ar\/web\/wp-content\/uploads\/2023\/10\/c1.jpg\"><img loading=\"lazy\" decoding=\"async\" class=\"alignleft size-full wp-image-47649\" src=\"https:\/\/infovera.com.ar\/web\/wp-content\/uploads\/2023\/10\/c1.jpg\" alt=\"\" width=\"1280\" height=\"960\" srcset=\"https:\/\/infovera.com.ar\/web\/wp-content\/uploads\/2023\/10\/c1.jpg 1280w, https:\/\/infovera.com.ar\/web\/wp-content\/uploads\/2023\/10\/c1-696x522.jpg 696w, https:\/\/infovera.com.ar\/web\/wp-content\/uploads\/2023\/10\/c1-1068x801.jpg 1068w, https:\/\/infovera.com.ar\/web\/wp-content\/uploads\/2023\/10\/c1-560x420.jpg 560w, https:\/\/infovera.com.ar\/web\/wp-content\/uploads\/2023\/10\/c1-80x60.jpg 80w, https:\/\/infovera.com.ar\/web\/wp-content\/uploads\/2023\/10\/c1-265x198.jpg 265w\" sizes=\"auto, (max-width: 1280px) 100vw, 1280px\" \/><\/a><\/p>\n","protected":false},"excerpt":{"rendered":"<p>Al 1.800 de la Ruta 40 S, en la zona oeste de la ciudad, un joven sufri\u00f3 un grave accidente en la ma\u00f1ana del domingo. Patricio G\u00f3mez S\u00e1nchez choc\u00f3 en la parte trasera a un cami\u00f3n estacionado en la banquina la v\u00eda provincial. \u00danico ocupante del auto, un Peugeot 206, fue trasladado de urgencia al [&hellip;]<\/p>\n","protected":false},"author":3,"featured_media":47646,"comment_status":"closed","ping_status":"closed","sticky":false,"template":"","format":"standard","meta":{"_joinchat":[],"footnotes":""},"categories":[1],"tags":[],"class_list":{"0":"post-47645","1":"post","2":"type-post","3":"status-publish","4":"format-standard","5":"has-post-thumbnail","7":"category-sin-categoria"},"_links":{"self":[{"href":"https:\/\/infovera.com.ar\/web\/wp-json\/wp\/v2\/posts\/47645","targetHints":{"allow":["GET"]}}],"collection":[{"href":"https:\/\/infovera.com.ar\/web\/wp-json\/wp\/v2\/posts"}],"about":[{"href":"https:\/\/infovera.com.ar\/web\/wp-json\/wp\/v2\/types\/post"}],"author":[{"embeddable":true,"href":"https:\/\/infovera.com.ar\/web\/wp-json\/wp\/v2\/users\/3"}],"replies":[{"embeddable":true,"href":"https:\/\/infovera.com.ar\/web\/wp-json\/wp\/v2\/comments?post=47645"}],"version-history":[{"count":0,"href":"https:\/\/infovera.com.ar\/web\/wp-json\/wp\/v2\/posts\/47645\/revisions"}],"wp:featuredmedia":[{"embeddable":true,"href":"https:\/\/infovera.com.ar\/web\/wp-json\/wp\/v2\/media\/47646"}],"wp:attachment":[{"href":"https:\/\/infovera.com.ar\/web\/wp-json\/wp\/v2\/media?parent=47645"}],"wp:term":[{"taxonomy":"category","embeddable":true,"href":"https:\/\/infovera.com.ar\/web\/wp-json\/wp\/v2\/categories?post=47645"},{"taxonomy":"post_tag","embeddable":true,"href":"https:\/\/infovera.com.ar\/web\/wp-json\/wp\/v2\/tags?post=47645"}],"curies":[{"name":"wp","href":"https:\/\/api.w.org\/{rel}","templated":true}]}}