{"id":47640,"date":"2023-10-29T12:13:55","date_gmt":"2023-10-29T15:13:55","guid":{"rendered":"https:\/\/infovera.com.ar\/web\/?p=47640"},"modified":"2023-10-29T12:13:55","modified_gmt":"2023-10-29T15:13:55","slug":"vera-llevaban-una-cocina-la-policia-los-paro-y-uno-de-ellos-empezo-a-insultar","status":"publish","type":"post","link":"https:\/\/infovera.com.ar\/web\/2023\/10\/29\/vera-llevaban-una-cocina-la-policia-los-paro-y-uno-de-ellos-empezo-a-insultar\/","title":{"rendered":"Vera: llevaban una cocina, la polic\u00eda los par\u00f3 y uno de ellos empez\u00f3 a insultar"},"content":{"rendered":"<p>A la 1:15 de este domingo, efectivos del Comando Radioel\u00e9ctrico que realizaban patrullaje preventivo por calle Rafael Mudry y su intersecci\u00f3n con Estanislao L\u00f3pez divisaron a dos sujeetos llevando una cocina de color blanco en un carrito.<\/p>\n<p>Los identificaron: uno de 22 y el otro de 32 a\u00f1os, que respondieron con evasivas sobre la procedencia del lo transportado.<\/p>\n<p>Uno de los sujetos respondi\u00f3con agravios hacia los funcionarios.<\/p>\n<p>Traslados a sede policial en calidad de aprehendidos, fueron alojados en la alcaid\u00eda.<\/p>\n<p>Asimismo, procedieron al secuestro preventivo del carrito de material de chapa, de color negro y blanco y de la cocina, ambos elementos en regular estado de conservaci\u00f3n.<\/p>\n","protected":false},"excerpt":{"rendered":"<p>A la 1:15 de este domingo, efectivos del Comando Radioel\u00e9ctrico que realizaban patrullaje preventivo por calle Rafael Mudry y su intersecci\u00f3n con Estanislao L\u00f3pez divisaron a dos sujeetos llevando una cocina de color blanco en un carrito. Los identificaron: uno de 22 y el otro de 32 a\u00f1os, que respondieron con evasivas sobre la procedencia [&hellip;]<\/p>\n","protected":false},"author":3,"featured_media":47641,"comment_status":"closed","ping_status":"closed","sticky":false,"template":"","format":"standard","meta":{"_joinchat":[],"footnotes":""},"categories":[30,53],"tags":[],"class_list":{"0":"post-47640","1":"post","2":"type-post","3":"status-publish","4":"format-standard","5":"has-post-thumbnail","7":"category-policiales","8":"category-vera"},"_links":{"self":[{"href":"https:\/\/infovera.com.ar\/web\/wp-json\/wp\/v2\/posts\/47640","targetHints":{"allow":["GET"]}}],"collection":[{"href":"https:\/\/infovera.com.ar\/web\/wp-json\/wp\/v2\/posts"}],"about":[{"href":"https:\/\/infovera.com.ar\/web\/wp-json\/wp\/v2\/types\/post"}],"author":[{"embeddable":true,"href":"https:\/\/infovera.com.ar\/web\/wp-json\/wp\/v2\/users\/3"}],"replies":[{"embeddable":true,"href":"https:\/\/infovera.com.ar\/web\/wp-json\/wp\/v2\/comments?post=47640"}],"version-history":[{"count":0,"href":"https:\/\/infovera.com.ar\/web\/wp-json\/wp\/v2\/posts\/47640\/revisions"}],"wp:featuredmedia":[{"embeddable":true,"href":"https:\/\/infovera.com.ar\/web\/wp-json\/wp\/v2\/media\/47641"}],"wp:attachment":[{"href":"https:\/\/infovera.com.ar\/web\/wp-json\/wp\/v2\/media?parent=47640"}],"wp:term":[{"taxonomy":"category","embeddable":true,"href":"https:\/\/infovera.com.ar\/web\/wp-json\/wp\/v2\/categories?post=47640"},{"taxonomy":"post_tag","embeddable":true,"href":"https:\/\/infovera.com.ar\/web\/wp-json\/wp\/v2\/tags?post=47640"}],"curies":[{"name":"wp","href":"https:\/\/api.w.org\/{rel}","templated":true}]}}