{"id":47556,"date":"2023-10-25T12:21:16","date_gmt":"2023-10-25T15:21:16","guid":{"rendered":"https:\/\/infovera.com.ar\/web\/?p=47556"},"modified":"2023-10-25T12:21:16","modified_gmt":"2023-10-25T15:21:16","slug":"llaman-a-licitacion-para-una-obra-de-cloacas-de-mas-de-700-millones","status":"publish","type":"post","link":"https:\/\/infovera.com.ar\/web\/2023\/10\/25\/llaman-a-licitacion-para-una-obra-de-cloacas-de-mas-de-700-millones\/","title":{"rendered":"Llaman a licitaci\u00f3n para una obra de cloacas de m\u00e1s de $ 700 millones"},"content":{"rendered":"<p>La Municipalidad de Vera hizo p\u00fablico el llamado a licitaci\u00f3n de la obra de recambio de ca\u00f1er\u00edas de la Estaci\u00f3n Elevadora N\u00b0 6 de la ciudad de Vera.<\/p>\n<p>Esta obra cuenta con un presupuesto oficial de $ 741.213.839,50 con un plazo de ejecuci\u00f3n de 6 meses y es producto de un proyecto aprobado ante el Ente Nacional de Obras H\u00eddricas de Saneamiento (ENOHSA), organismo que la financiar\u00e1.<\/p>\n<p>Al respecto, la intendente Paula Mitre expres\u00f3: \u201cEstamos abriendo la licitaci\u00f3n de una obra hist\u00f3rica para nuestra ciudad, ya que viene a dar una importante mejora a la calidad de vida de los verenses, especialmente a los que viven en el sector centro &#8211; norte.<\/p>\n<p>Con estos trabajos vamos a renovar las ca\u00f1er\u00edas del sector m\u00e1s antiguo de la red cloacal, el cual el paso del tiempo y los materiales de la \u00e9poca, han ido degradando y dejando casi obsoleto o con grandes inconvenientes.<\/p>\n<p>Este proyecto que hemos presentado ante ENOHSA y que ha sido aprobado recientemente es una inversi\u00f3n a largo plazo en el futuro de nuestra ciudad y estamos comprometidos a continuar trabajando unidos por una ciudad m\u00e1s ecol\u00f3gica y sustentable\u201d.<\/p>\n<p>Las ofertas ser\u00e1n recibidas hasta el d\u00eda 23 de noviembre del a\u00f1o 2023 en mesa de entradas de la Municipalidad (Belgrano 1654)<\/p>\n","protected":false},"excerpt":{"rendered":"<p>La Municipalidad de Vera hizo p\u00fablico el llamado a licitaci\u00f3n de la obra de recambio de ca\u00f1er\u00edas de la Estaci\u00f3n Elevadora N\u00b0 6 de la ciudad de Vera. Esta obra cuenta con un presupuesto oficial de $ 741.213.839,50 con un plazo de ejecuci\u00f3n de 6 meses y es producto de un proyecto aprobado ante el [&hellip;]<\/p>\n","protected":false},"author":3,"featured_media":47557,"comment_status":"closed","ping_status":"closed","sticky":false,"template":"","format":"standard","meta":{"_joinchat":[],"footnotes":""},"categories":[53],"tags":[],"class_list":{"0":"post-47556","1":"post","2":"type-post","3":"status-publish","4":"format-standard","5":"has-post-thumbnail","7":"category-vera"},"_links":{"self":[{"href":"https:\/\/infovera.com.ar\/web\/wp-json\/wp\/v2\/posts\/47556","targetHints":{"allow":["GET"]}}],"collection":[{"href":"https:\/\/infovera.com.ar\/web\/wp-json\/wp\/v2\/posts"}],"about":[{"href":"https:\/\/infovera.com.ar\/web\/wp-json\/wp\/v2\/types\/post"}],"author":[{"embeddable":true,"href":"https:\/\/infovera.com.ar\/web\/wp-json\/wp\/v2\/users\/3"}],"replies":[{"embeddable":true,"href":"https:\/\/infovera.com.ar\/web\/wp-json\/wp\/v2\/comments?post=47556"}],"version-history":[{"count":0,"href":"https:\/\/infovera.com.ar\/web\/wp-json\/wp\/v2\/posts\/47556\/revisions"}],"wp:featuredmedia":[{"embeddable":true,"href":"https:\/\/infovera.com.ar\/web\/wp-json\/wp\/v2\/media\/47557"}],"wp:attachment":[{"href":"https:\/\/infovera.com.ar\/web\/wp-json\/wp\/v2\/media?parent=47556"}],"wp:term":[{"taxonomy":"category","embeddable":true,"href":"https:\/\/infovera.com.ar\/web\/wp-json\/wp\/v2\/categories?post=47556"},{"taxonomy":"post_tag","embeddable":true,"href":"https:\/\/infovera.com.ar\/web\/wp-json\/wp\/v2\/tags?post=47556"}],"curies":[{"name":"wp","href":"https:\/\/api.w.org\/{rel}","templated":true}]}}