{"id":47548,"date":"2023-10-24T17:14:55","date_gmt":"2023-10-24T20:14:55","guid":{"rendered":"https:\/\/infovera.com.ar\/web\/?p=47548"},"modified":"2023-10-25T17:57:30","modified_gmt":"2023-10-25T20:57:30","slug":"tres-jovenes-de-fortin-olmos-detenidos-por-transportar","status":"publish","type":"post","link":"https:\/\/infovera.com.ar\/web\/2023\/10\/24\/tres-jovenes-de-fortin-olmos-detenidos-por-transportar\/","title":{"rendered":"Tres j\u00f3venes de Fort\u00edn Olmos detenidos por transportar droga"},"content":{"rendered":"<p>En fecha 23 de Octubre del 2023 a las 23.30 hs en oportunidad que personal de la polic\u00eda de la provincia de Santa Fe se encontraba realizando un patrullaje preventivo, proceden a detener un veh\u00edculo con tres personas a bordo que se trasladaban por la ruta 40 S al advertir que dicho veh\u00edculo no llevaba luces en su parte trasera. Atento a ello se procedi\u00f3 a solicitar que se detenga en su marcha y ante el estado de nerviosismo de los ocupantes se procede a convocar a testigos y en presencia de los mismos se procede a requisar el veh\u00edculo encontr\u00e1ndose 100, 3 gramos de marihuana y 0, 4 gramos de coca\u00edna raz\u00f3n por la cual y comunicado de dicha novedad al Juez Federal de Reconquista, el mismo dispuso la detenci\u00f3n de dichos ocupantes y el secuestro de celulares, veh\u00edculos y material estupefaciente.<\/p>\n<p>Los detenidos son:<\/p>\n<p>1.- D. J. M., 30 a\u00f1os de edad, domiciliado en Fort\u00edn Olmos.<\/p>\n<p>2.- R. E. G., 24 a\u00f1os de edad, domiciliado en Fort\u00edn Olmos.<\/p>\n<p>3. B. L. N. 30 a\u00f1os de edad, domiciliado en Fort\u00edn Olmos.<\/p>\n<p>Se secuestraron:<\/p>\n<p>100, 3 gramos de marihuana y 0, 4 gramos de coca\u00edna<\/p>\n<p>3 tel\u00e9fonos celulares<\/p>\n<p>1 veh\u00edculo Renault 19 Modelo 1998<\/p>\n<p>Los mismos no cuentan con antecedentes penales y en la ma\u00f1ana de hoy fueron indagados por infracci\u00f3n a la ley de estupefacientes recuperando la libertad quedando sujeto a la causa, habi\u00e9ndosele dispuesto la prohibici\u00f3n de salida del pa\u00eds y la comparecencia quincenal a la comisaria de Fort\u00edn Olmos para el seguimiento de su conducta procesal.\u2019<\/p>\n<p>La defensa estuvo a cargo del Dr. Nicolas Ramayon, defensor oficial<\/p>\n","protected":false},"excerpt":{"rendered":"<p>En fecha 23 de Octubre del 2023 a las 23.30 hs en oportunidad que personal de la polic\u00eda de la provincia de Santa Fe se encontraba realizando un patrullaje preventivo, proceden a detener un veh\u00edculo con tres personas a bordo que se trasladaban por la ruta 40 S al advertir que dicho veh\u00edculo no llevaba [&hellip;]<\/p>\n","protected":false},"author":3,"featured_media":47549,"comment_status":"closed","ping_status":"closed","sticky":false,"template":"","format":"standard","meta":{"_joinchat":[],"footnotes":""},"categories":[51],"tags":[],"class_list":{"0":"post-47548","1":"post","2":"type-post","3":"status-publish","4":"format-standard","5":"has-post-thumbnail","7":"category-locales"},"_links":{"self":[{"href":"https:\/\/infovera.com.ar\/web\/wp-json\/wp\/v2\/posts\/47548","targetHints":{"allow":["GET"]}}],"collection":[{"href":"https:\/\/infovera.com.ar\/web\/wp-json\/wp\/v2\/posts"}],"about":[{"href":"https:\/\/infovera.com.ar\/web\/wp-json\/wp\/v2\/types\/post"}],"author":[{"embeddable":true,"href":"https:\/\/infovera.com.ar\/web\/wp-json\/wp\/v2\/users\/3"}],"replies":[{"embeddable":true,"href":"https:\/\/infovera.com.ar\/web\/wp-json\/wp\/v2\/comments?post=47548"}],"version-history":[{"count":0,"href":"https:\/\/infovera.com.ar\/web\/wp-json\/wp\/v2\/posts\/47548\/revisions"}],"wp:featuredmedia":[{"embeddable":true,"href":"https:\/\/infovera.com.ar\/web\/wp-json\/wp\/v2\/media\/47549"}],"wp:attachment":[{"href":"https:\/\/infovera.com.ar\/web\/wp-json\/wp\/v2\/media?parent=47548"}],"wp:term":[{"taxonomy":"category","embeddable":true,"href":"https:\/\/infovera.com.ar\/web\/wp-json\/wp\/v2\/categories?post=47548"},{"taxonomy":"post_tag","embeddable":true,"href":"https:\/\/infovera.com.ar\/web\/wp-json\/wp\/v2\/tags?post=47548"}],"curies":[{"name":"wp","href":"https:\/\/api.w.org\/{rel}","templated":true}]}}