{"id":47529,"date":"2023-10-23T12:57:25","date_gmt":"2023-10-23T15:57:25","guid":{"rendered":"https:\/\/infovera.com.ar\/web\/?p=47529"},"modified":"2023-10-24T12:43:49","modified_gmt":"2023-10-24T15:43:49","slug":"que-dijo-el-fiscal-sobre-la-tentativa-de-femicidio-y-suicidio-que-conmociona-a-vera","status":"publish","type":"post","link":"https:\/\/infovera.com.ar\/web\/2023\/10\/23\/que-dijo-el-fiscal-sobre-la-tentativa-de-femicidio-y-suicidio-que-conmociona-a-vera\/","title":{"rendered":"Qu\u00e9 dijo el fiscal sobre la tentativa de femicidio y suicidio que conmociona a Vera"},"content":{"rendered":"<p>El Dr. Alejandro Rodr\u00edguez estuvo de turno el fin de semana en la regi\u00f3n y tuvo a su cargo la investigaci\u00f3n preliminar del intento de femicidio de una joven de 25 a\u00f1os, brutalmente atacada por quien era su pareja, Fabi\u00e1n Daniel Pintos (44), al punto que debi\u00f3 ser derivada al Hospital de Reconquista en estado cr\u00edtico.<\/p>\n<p>El fiscal indic\u00f3 que &#8220;estuve de turno todo el fin de semana, y esto se sucede anoche, pasada la medianoche me comunica personal de la Unidad Regional XIX de Vera que, en principio, hab\u00eda habido un llamado telef\u00f3nico de un camionero que puso en conocimiento de que alguien hab\u00eda hecho una maniobra compatible con querer quitarse la vida y que no lo logr\u00f3 con el cami\u00f3n&#8221; que manejaba. &#8220;Ello amerit\u00f3 que saliera la polic\u00eda&#8221;, a buscar al accidentado, a\u00f1adi\u00f3.<\/p>\n<div style=\"width: 640px;\" class=\"wp-video\"><video class=\"wp-video-shortcode\" id=\"video-47529-1\" width=\"640\" height=\"360\" preload=\"metadata\" controls=\"controls\"><source type=\"video\/mp4\" src=\"https:\/\/infovera.com.ar\/web\/wp-content\/uploads\/2023\/10\/WhatsApp-Audio-2023-10-23-at-10.56.46-AM.mp4?_=1\" \/><a href=\"https:\/\/infovera.com.ar\/web\/wp-content\/uploads\/2023\/10\/WhatsApp-Audio-2023-10-23-at-10.56.46-AM.mp4\">https:\/\/infovera.com.ar\/web\/wp-content\/uploads\/2023\/10\/WhatsApp-Audio-2023-10-23-at-10.56.46-AM.mp4<\/a><\/video><\/div>\n<p>Luego, dijo que fue anoticiado acerca que una mujer, la pareja de este hombre habr\u00eda sido agredida, toda vez que este muchacho Pintos hab\u00eda sido observado con mucha sangre en su cuerpo a bordo de una moto y que hab\u00eda manifestado a sus familiares que se iba a quitar la vida&#8221;.<\/p>\n<p>De inmediato quedaron enlazados los dos datos que aparec\u00edan sueltos y luego &#8220;se recibe la informaci\u00f3n de que en la Ruta 36, la nueva que est\u00e1 asfaltada rumbo a Romang, hab\u00eda colisionado un veh\u00edculo, una motocicleta, de las mismas caracter\u00edsticas sobre la que manejaba informaci\u00f3n el personal policial, que era la conducida por Pintos, y que de frente impact\u00f3 contra un veh\u00edculo, tambi\u00e9n en clara manifestaci\u00f3n de querer quitarse la vida&#8221;, precis\u00f3 el fiscal.<\/p>\n<p>El Dr. Rodr\u00edguez se\u00f1al\u00f3 que &#8220;tambi\u00e9n se encontr\u00f3 informaci\u00f3n en el marco de la causa, y en el medio de una gran tormenta, porque tambi\u00e9n el personal policial cuando me pone en conocimiento que habr\u00eda sido agredida la v\u00edctima, que hab\u00eda sido tirada en una alcantarilla, orden\u00e9 un rastrillaje. La encontraron en estado de inconsciencia y fue trasladada al nosocomio de Vera, y de all\u00ed ambos fueron trasladados al Hospital de Reconquista donde hoy a la ma\u00f1ana me comunicaronn que Pintos falleci\u00f3, y que ella est\u00e1 en un estado de salud reservado, y complejo&#8221;.<\/p>\n<p>Consultado por la car\u00e1tula del suceso, manifest\u00f3 que &#8220;ser\u00eda una expareja o pareja, en consecuencia ser\u00eda un femicidio en grado de tentativa, porque ella no muri\u00f3&#8221;.<\/p>\n<p>En la ma\u00f1ana de este lunes, se hizo cargo de la causa el fiscal Valent\u00edn Here\u00f1\u00fa.<\/p>\n","protected":false},"excerpt":{"rendered":"<p>El Dr. Alejandro Rodr\u00edguez estuvo de turno el fin de semana en la regi\u00f3n y tuvo a su cargo la investigaci\u00f3n preliminar del intento de femicidio de una joven de 25 a\u00f1os, brutalmente atacada por quien era su pareja, Fabi\u00e1n Daniel Pintos (44), al punto que debi\u00f3 ser derivada al Hospital de Reconquista en estado [&hellip;]<\/p>\n","protected":false},"author":3,"featured_media":0,"comment_status":"closed","ping_status":"closed","sticky":false,"template":"","format":"standard","meta":{"_joinchat":[],"footnotes":""},"categories":[30,53],"tags":[],"class_list":{"0":"post-47529","1":"post","2":"type-post","3":"status-publish","4":"format-standard","6":"category-policiales","7":"category-vera"},"_links":{"self":[{"href":"https:\/\/infovera.com.ar\/web\/wp-json\/wp\/v2\/posts\/47529","targetHints":{"allow":["GET"]}}],"collection":[{"href":"https:\/\/infovera.com.ar\/web\/wp-json\/wp\/v2\/posts"}],"about":[{"href":"https:\/\/infovera.com.ar\/web\/wp-json\/wp\/v2\/types\/post"}],"author":[{"embeddable":true,"href":"https:\/\/infovera.com.ar\/web\/wp-json\/wp\/v2\/users\/3"}],"replies":[{"embeddable":true,"href":"https:\/\/infovera.com.ar\/web\/wp-json\/wp\/v2\/comments?post=47529"}],"version-history":[{"count":0,"href":"https:\/\/infovera.com.ar\/web\/wp-json\/wp\/v2\/posts\/47529\/revisions"}],"wp:attachment":[{"href":"https:\/\/infovera.com.ar\/web\/wp-json\/wp\/v2\/media?parent=47529"}],"wp:term":[{"taxonomy":"category","embeddable":true,"href":"https:\/\/infovera.com.ar\/web\/wp-json\/wp\/v2\/categories?post=47529"},{"taxonomy":"post_tag","embeddable":true,"href":"https:\/\/infovera.com.ar\/web\/wp-json\/wp\/v2\/tags?post=47529"}],"curies":[{"name":"wp","href":"https:\/\/api.w.org\/{rel}","templated":true}]}}