{"id":47492,"date":"2023-10-22T12:16:21","date_gmt":"2023-10-22T15:16:21","guid":{"rendered":"https:\/\/infovera.com.ar\/web\/?p=47492"},"modified":"2023-10-22T18:53:22","modified_gmt":"2023-10-22T21:53:22","slug":"tras-el-temporal-la-epe-trabaja-para-restituir-el-servicio-en-la-zona-norte-de-vera","status":"publish","type":"post","link":"https:\/\/infovera.com.ar\/web\/2023\/10\/22\/tras-el-temporal-la-epe-trabaja-para-restituir-el-servicio-en-la-zona-norte-de-vera\/","title":{"rendered":"Tras el temporal, la EPE trabaja para restituir el servicio en la zona norte de Vera"},"content":{"rendered":"<p>Al mediod\u00eda, la zona norte de la ciudad de Vera y algunos parajes continuaban sin energ\u00eda el\u00e9ctrica como consecuencia del temporal de lluvia y viento que en la madrugada afect\u00f3 a a la zona.<\/p>\n<p>La Empresa Provincial de la Energ\u00eda EPE dio cuenta que se encontraba suspendido el servicio el\u00e9ctrico tambi\u00e9n en poblaciones del norte departamental.<\/p>\n<p>En la ciudad de Vera, el barrio Belgrano estaba sin luz desde anoche a causa de la ca\u00edda de un eucalipto sobre las l\u00edneas el\u00e9ctricas.<\/p>\n<p>En el lugar, una caudrilla de la Empresa trabajaba para solucionar el incoveniente y volver a conectar el fluido el\u00e9ctrico a los hogares verenses ubicados en es punto de la escena urbana.<\/p>\n<p>As\u00ed como tambi\u00e9n se han suscitado y siguen haci\u00e9ndolo precipitaciones en varias localidades del departamento Vera.<\/p>\n","protected":false},"excerpt":{"rendered":"<p>Al mediod\u00eda, la zona norte de la ciudad de Vera y algunos parajes continuaban sin energ\u00eda el\u00e9ctrica como consecuencia del temporal de lluvia y viento que en la madrugada afect\u00f3 a a la zona. La Empresa Provincial de la Energ\u00eda EPE dio cuenta que se encontraba suspendido el servicio el\u00e9ctrico tambi\u00e9n en poblaciones del norte [&hellip;]<\/p>\n","protected":false},"author":3,"featured_media":47493,"comment_status":"closed","ping_status":"closed","sticky":false,"template":"","format":"standard","meta":{"_joinchat":[],"footnotes":""},"categories":[53],"tags":[],"class_list":{"0":"post-47492","1":"post","2":"type-post","3":"status-publish","4":"format-standard","5":"has-post-thumbnail","7":"category-vera"},"_links":{"self":[{"href":"https:\/\/infovera.com.ar\/web\/wp-json\/wp\/v2\/posts\/47492","targetHints":{"allow":["GET"]}}],"collection":[{"href":"https:\/\/infovera.com.ar\/web\/wp-json\/wp\/v2\/posts"}],"about":[{"href":"https:\/\/infovera.com.ar\/web\/wp-json\/wp\/v2\/types\/post"}],"author":[{"embeddable":true,"href":"https:\/\/infovera.com.ar\/web\/wp-json\/wp\/v2\/users\/3"}],"replies":[{"embeddable":true,"href":"https:\/\/infovera.com.ar\/web\/wp-json\/wp\/v2\/comments?post=47492"}],"version-history":[{"count":0,"href":"https:\/\/infovera.com.ar\/web\/wp-json\/wp\/v2\/posts\/47492\/revisions"}],"wp:featuredmedia":[{"embeddable":true,"href":"https:\/\/infovera.com.ar\/web\/wp-json\/wp\/v2\/media\/47493"}],"wp:attachment":[{"href":"https:\/\/infovera.com.ar\/web\/wp-json\/wp\/v2\/media?parent=47492"}],"wp:term":[{"taxonomy":"category","embeddable":true,"href":"https:\/\/infovera.com.ar\/web\/wp-json\/wp\/v2\/categories?post=47492"},{"taxonomy":"post_tag","embeddable":true,"href":"https:\/\/infovera.com.ar\/web\/wp-json\/wp\/v2\/tags?post=47492"}],"curies":[{"name":"wp","href":"https:\/\/api.w.org\/{rel}","templated":true}]}}