{"id":47430,"date":"2023-10-18T18:15:40","date_gmt":"2023-10-18T21:15:40","guid":{"rendered":"https:\/\/infovera.com.ar\/web\/?p=47430"},"modified":"2023-10-19T12:13:05","modified_gmt":"2023-10-19T15:13:05","slug":"otra-vez-escabio-llueven-criticas-al-concurso-del-surubi-por-un-post-contra-patricia-bullrich","status":"publish","type":"post","link":"https:\/\/infovera.com.ar\/web\/2023\/10\/18\/otra-vez-escabio-llueven-criticas-al-concurso-del-surubi-por-un-post-contra-patricia-bullrich\/","title":{"rendered":"&#8220;Otra vez escabio&#8221;: llueven cr\u00edticas al Concurso del Surub\u00ed por un post contra Patricia Bullrich"},"content":{"rendered":"<p>En las redes de la entidad se public\u00f3 un video difamatorio de la candidata de Juntos por Cambio. Pedido de disculpas.<\/p>\n<p>Una imagen ins\u00f3lita, bizarra y en extremo ofensiva contra la candidata a presidente de Juntos por el Cambio, Patricia Bullrich, fue publicada en el perfil oficial de Instagram del Concurso Argentino de Pesca de Surub\u00ed de Reconquista.<\/p>\n<p>Se trat\u00f3 de una foto donde puede verse a la referente opositora en un bar, con un postre y la leyenda \u201cotra vez escabio! No le dejen el vino cerca, no sean hdp !!!\u201d, -m\u00e1s los clasicos emojis de carcajadas- que fue posteada en la red social de la entidad.<\/p>\n<p>Ante el error no forzado, en la cuenta de Facebook Surub\u00ed Reconquista se fij\u00f3 un comunicado dirigido a la \u201ccomunidad de Pesca del Surub\u00ed en Reconquista\u201d, respecto a que \u201cal comenzar el d\u00eda de hoy, nos encontramos que se public\u00f3 por equivocaci\u00f3n un video en nuestras redes\u201d.<\/p>\n<p>El escrito esboz\u00f3 que \u201cfue un error ajeno a la agencia que administra nuestras cuentas, quienes trabajan con una planificaci\u00f3n de contenido preestablecida y aprobada previamente por la comisi\u00f3n organizadora\u201d.<\/p>\n<p>\u201cEl objetivo principal de nuestro evento es celebrar y promover la cultura pesquera, el turismo y nuestra hermosa ciudad de Reconquista\u201d, record\u00f3 el Concurso, y sin entrar demasiado en detalles dijo que \u201clamentamos profundamente este suceso y pedimos disculpas si este incidente caus\u00f3 alguna confusi\u00f3n. Estamos trabajando para que no vuelva a pasar, revisando nuestros protocolos de seguridad\u201d.<\/p>\n<p>Los comentarios de los seguidores no se hicieron esperar: \u201cLo que pasa que no es la primera vez que publica cosas que no tienen nada que ver con el Concurso\u201d, lament\u00f3 una mujer, mientras que otro fan escribi\u00f3 \u201cequivocaci\u00f3n? apoyo el Concurso, pero esto fue una total falta de respeto. Espero que la equivocada tenga sus consecuencias\u201d. \u201cLa gente que no hace nada solo critica. Si tuvo un error quien subi\u00f3 esto, que se disculpe y chau&#8230; necesitamos personas trabajando en nuestro concurso. Con sus errores y todo. Vamos Surub\u00ed 2024!\u201d, opin\u00f3 otro vecino.<\/p>\n<p><strong>\u00bfApol\u00edtico?<\/strong><\/p>\n<p>En medios locales, Juan Jos\u00e9 Gauna, el presidente de la Asociaci\u00f3n Civil \u201cParan\u00e1 Vivo\u201d que organiza la competencia, explic\u00f3 que adem\u00e1s de la \u201cgente que nos maneja las redes, hay una integrante de la comisi\u00f3n en la parte de prensa que tambi\u00e9n tiene las claves y colabora con el material que se sube\u201d.<\/p>\n<p>\u201cElla en su celular tiene su Instagram personal y el del Concurso, aparentemente, sin querer, pensando que estaba subiendo la imagen en su cuenta, lo hizo en la del Concurso, por eso es que apareci\u00f3 esa foto anoche, que nada tiene que ver con el Concurso, que trata de mantenerse lo m\u00e1s apol\u00edtico posible\u201d, declar\u00f3 al portal V\u00eda Libre, en alusi\u00f3n a Gabriela Romero. \u201cGabriela va a seguir en la comisi\u00f3n ,pero va a dejar el \u00e1rea de prensa\u201d, adelant\u00f3.<\/p>\n<p>Gauna, por \u00faltimo, con \u00e1nimo de bajar el tono de la pol\u00e9mica termin\u00f3 enredado en una frase en la que, por un lado, cont\u00f3 que \u201c\u201cya me comuniqu\u00e9 con Enrique Vallejos (intendente de Reconquista), le expliqu\u00e9 la situaci\u00f3n para que no haya malentendidos\u201d, en tanto que por otro sostuvo que &#8220;fue un error que se cometi\u00f3, pero el Concurso no tiene nada que ver con la pol\u00edtica. Vamos a sacar un comunicado pidiendo disculpas\u201d.<\/p>\n<p><strong>Contraste<\/strong><\/p>\n<p>Durante el fin de semana, la regi\u00f3n vivi\u00f3 la 36\u00aa Edici\u00f3n del Concurso Argentino, con 351 equipos inscriptos, muy lejos de los m\u00e1s de 700 tr\u00edos que participaron en 2018. El evento atraviesa una realidad que interpela su existencia hist\u00f3rica y no son pocas las voces que reclaman un golpe de tim\u00f3n para que la mayor fiesta n\u00e1utica deportiva del norte santafesino, con proyecci\u00f3n nacional e internacional, \u201cvuelva a ser\u201d. Como contraste, en la otra orilla del Paran\u00e1, la Fiesta Nacional del Surub\u00ed de Goya no para de crecer: en abril de este a\u00f1o bati\u00f3 su propio r\u00e9cord con 1.157 embarcaciones y m\u00e1s de 3.000 pescadores, bajo la coordinaci\u00f3n de la Comisi\u00f3n Municipal de Pesca (COMUPE).<\/p>\n","protected":false},"excerpt":{"rendered":"<p>En las redes de la entidad se public\u00f3 un video difamatorio de la candidata de Juntos por Cambio. Pedido de disculpas. Una imagen ins\u00f3lita, bizarra y en extremo ofensiva contra la candidata a presidente de Juntos por el Cambio, Patricia Bullrich, fue publicada en el perfil oficial de Instagram del Concurso Argentino de Pesca de [&hellip;]<\/p>\n","protected":false},"author":3,"featured_media":47431,"comment_status":"closed","ping_status":"closed","sticky":false,"template":"","format":"standard","meta":{"_joinchat":[],"footnotes":""},"categories":[55,61],"tags":[],"class_list":{"0":"post-47430","1":"post","2":"type-post","3":"status-publish","4":"format-standard","5":"has-post-thumbnail","7":"category-reconquista","8":"category-regionales"},"_links":{"self":[{"href":"https:\/\/infovera.com.ar\/web\/wp-json\/wp\/v2\/posts\/47430","targetHints":{"allow":["GET"]}}],"collection":[{"href":"https:\/\/infovera.com.ar\/web\/wp-json\/wp\/v2\/posts"}],"about":[{"href":"https:\/\/infovera.com.ar\/web\/wp-json\/wp\/v2\/types\/post"}],"author":[{"embeddable":true,"href":"https:\/\/infovera.com.ar\/web\/wp-json\/wp\/v2\/users\/3"}],"replies":[{"embeddable":true,"href":"https:\/\/infovera.com.ar\/web\/wp-json\/wp\/v2\/comments?post=47430"}],"version-history":[{"count":0,"href":"https:\/\/infovera.com.ar\/web\/wp-json\/wp\/v2\/posts\/47430\/revisions"}],"wp:featuredmedia":[{"embeddable":true,"href":"https:\/\/infovera.com.ar\/web\/wp-json\/wp\/v2\/media\/47431"}],"wp:attachment":[{"href":"https:\/\/infovera.com.ar\/web\/wp-json\/wp\/v2\/media?parent=47430"}],"wp:term":[{"taxonomy":"category","embeddable":true,"href":"https:\/\/infovera.com.ar\/web\/wp-json\/wp\/v2\/categories?post=47430"},{"taxonomy":"post_tag","embeddable":true,"href":"https:\/\/infovera.com.ar\/web\/wp-json\/wp\/v2\/tags?post=47430"}],"curies":[{"name":"wp","href":"https:\/\/api.w.org\/{rel}","templated":true}]}}