{"id":47423,"date":"2023-10-18T08:53:43","date_gmt":"2023-10-18T11:53:43","guid":{"rendered":"https:\/\/infovera.com.ar\/web\/?p=47423"},"modified":"2023-10-18T08:53:43","modified_gmt":"2023-10-18T11:53:43","slug":"reconquista-allanaron-viviendas-en-busca-de-armas-pero-hallaron-18-plantas-de-marihuana","status":"publish","type":"post","link":"https:\/\/infovera.com.ar\/web\/2023\/10\/18\/reconquista-allanaron-viviendas-en-busca-de-armas-pero-hallaron-18-plantas-de-marihuana\/","title":{"rendered":"Reconquista: allanaron viviendas en busca de armas, pero hallaron 18 plantas de marihuana"},"content":{"rendered":"<p>A las 15:30 de martes, en el marco de una investigaci\u00f3n por abuso y portaci\u00f3n de arma de fuego de uso civil, la polic\u00eda de Reconquista dio cumplimiento de m\u00faltiples \u00f3rdenes de alanamiento emanadas del juez penal Mauricio Martelossi.<\/p>\n<p>Los viviendas objeto de las pesquisas est\u00e1n situadas en el barrio Nuevo, al oeste de la zona urbana. Espec\u00edficamente, en las manzanas 2, 3, 4 y 10 de la barriada marginal reconquistense.<\/p>\n<p>Como resultado, los numerarios de la fuerza de seguridad procedieron al secuestro preventivo de 3 cuchillos de tama\u00f1o grande. Y encontraron en dos casas de las manzanas 3 y 4 especies herb\u00e1ceas de marihuana.<\/p>\n<p>Tras se interiorizado de la novedad, el fiscal Alejandro Rodr\u00edguez dispuso que constituyera personal id\u00f3neo en el tema, por lo cual se hizo presente personal de Direcci\u00f3n Regional de Investigaci\u00f3n que constat\u00f3 y secuestr\u00f3 preventivamente un total de 18 plantas de cannabis sativa, de diferentes tama\u00f1os.<\/p>\n","protected":false},"excerpt":{"rendered":"<p>A las 15:30 de martes, en el marco de una investigaci\u00f3n por abuso y portaci\u00f3n de arma de fuego de uso civil, la polic\u00eda de Reconquista dio cumplimiento de m\u00faltiples \u00f3rdenes de alanamiento emanadas del juez penal Mauricio Martelossi. Los viviendas objeto de las pesquisas est\u00e1n situadas en el barrio Nuevo, al oeste de la [&hellip;]<\/p>\n","protected":false},"author":3,"featured_media":47424,"comment_status":"closed","ping_status":"closed","sticky":false,"template":"","format":"standard","meta":{"_joinchat":[],"footnotes":""},"categories":[55],"tags":[],"class_list":{"0":"post-47423","1":"post","2":"type-post","3":"status-publish","4":"format-standard","5":"has-post-thumbnail","7":"category-reconquista"},"_links":{"self":[{"href":"https:\/\/infovera.com.ar\/web\/wp-json\/wp\/v2\/posts\/47423","targetHints":{"allow":["GET"]}}],"collection":[{"href":"https:\/\/infovera.com.ar\/web\/wp-json\/wp\/v2\/posts"}],"about":[{"href":"https:\/\/infovera.com.ar\/web\/wp-json\/wp\/v2\/types\/post"}],"author":[{"embeddable":true,"href":"https:\/\/infovera.com.ar\/web\/wp-json\/wp\/v2\/users\/3"}],"replies":[{"embeddable":true,"href":"https:\/\/infovera.com.ar\/web\/wp-json\/wp\/v2\/comments?post=47423"}],"version-history":[{"count":0,"href":"https:\/\/infovera.com.ar\/web\/wp-json\/wp\/v2\/posts\/47423\/revisions"}],"wp:featuredmedia":[{"embeddable":true,"href":"https:\/\/infovera.com.ar\/web\/wp-json\/wp\/v2\/media\/47424"}],"wp:attachment":[{"href":"https:\/\/infovera.com.ar\/web\/wp-json\/wp\/v2\/media?parent=47423"}],"wp:term":[{"taxonomy":"category","embeddable":true,"href":"https:\/\/infovera.com.ar\/web\/wp-json\/wp\/v2\/categories?post=47423"},{"taxonomy":"post_tag","embeddable":true,"href":"https:\/\/infovera.com.ar\/web\/wp-json\/wp\/v2\/tags?post=47423"}],"curies":[{"name":"wp","href":"https:\/\/api.w.org\/{rel}","templated":true}]}}