{"id":47420,"date":"2023-10-17T18:16:13","date_gmt":"2023-10-17T21:16:13","guid":{"rendered":"https:\/\/infovera.com.ar\/web\/?p=47420"},"modified":"2023-10-18T18:20:31","modified_gmt":"2023-10-18T21:20:31","slug":"festram-ratifico-el-paro-de-72-hs-por-falta-de-acuerdo-en-la-paritaria-municipal","status":"publish","type":"post","link":"https:\/\/infovera.com.ar\/web\/2023\/10\/17\/festram-ratifico-el-paro-de-72-hs-por-falta-de-acuerdo-en-la-paritaria-municipal\/","title":{"rendered":"FESTRAM ratific\u00f3 el paro de 72 hs por falta de acuerdo en la paritaria municipal"},"content":{"rendered":"<p>Como fuera comunicado, en el d\u00eda de la fecha fue convocada por una nueva reuni\u00f3n de la mesa paritaria municipal por la Secretar\u00eda de Integraci\u00f3n y Fortalecimiento Institucional de la provincia.<\/p>\n<p>Los representantes de intendentes y presidentes comunales trasladaron un ofrecimiento &#8220;absolutamente insuficiente, muy por debajo de los \u00edndices inflacionarios de agosto y de las estimaciones de septiembre&#8221;, advirti\u00f3 el gremio.<\/p>\n<p>Por tal motivo, el ofrecimiento fue rechazado por los representantes de FESTRAM, que reiter\u00f3 que las medidas gremiales adoptadas son &#8220;absoluta responsabilidad de los intendentes y presidentes comunales, los que pretenden equilibrar sus finanzas ajustando el salario de los trabajadores&#8221;, denunci\u00f3.<\/p>\n<p>FESTRAM asegur\u00f3 que &#8220;no renuncia a lucha y ratifica el paro de 72 horas en todo el territorio provincial para ma\u00f1ana mi\u00e9rcoles 18, jueves 19 y viernes 20, con movilizaciones el d\u00eda jueves&#8221;.<\/p>\n","protected":false},"excerpt":{"rendered":"<p>Como fuera comunicado, en el d\u00eda de la fecha fue convocada por una nueva reuni\u00f3n de la mesa paritaria municipal por la Secretar\u00eda de Integraci\u00f3n y Fortalecimiento Institucional de la provincia. Los representantes de intendentes y presidentes comunales trasladaron un ofrecimiento &#8220;absolutamente insuficiente, muy por debajo de los \u00edndices inflacionarios de agosto y de las [&hellip;]<\/p>\n","protected":false},"author":3,"featured_media":36781,"comment_status":"closed","ping_status":"closed","sticky":false,"template":"","format":"standard","meta":{"_joinchat":[],"footnotes":""},"categories":[27,60],"tags":[],"class_list":{"0":"post-47420","1":"post","2":"type-post","3":"status-publish","4":"format-standard","5":"has-post-thumbnail","7":"category-gremiales","8":"category-provinciales"},"_links":{"self":[{"href":"https:\/\/infovera.com.ar\/web\/wp-json\/wp\/v2\/posts\/47420","targetHints":{"allow":["GET"]}}],"collection":[{"href":"https:\/\/infovera.com.ar\/web\/wp-json\/wp\/v2\/posts"}],"about":[{"href":"https:\/\/infovera.com.ar\/web\/wp-json\/wp\/v2\/types\/post"}],"author":[{"embeddable":true,"href":"https:\/\/infovera.com.ar\/web\/wp-json\/wp\/v2\/users\/3"}],"replies":[{"embeddable":true,"href":"https:\/\/infovera.com.ar\/web\/wp-json\/wp\/v2\/comments?post=47420"}],"version-history":[{"count":0,"href":"https:\/\/infovera.com.ar\/web\/wp-json\/wp\/v2\/posts\/47420\/revisions"}],"wp:featuredmedia":[{"embeddable":true,"href":"https:\/\/infovera.com.ar\/web\/wp-json\/wp\/v2\/media\/36781"}],"wp:attachment":[{"href":"https:\/\/infovera.com.ar\/web\/wp-json\/wp\/v2\/media?parent=47420"}],"wp:term":[{"taxonomy":"category","embeddable":true,"href":"https:\/\/infovera.com.ar\/web\/wp-json\/wp\/v2\/categories?post=47420"},{"taxonomy":"post_tag","embeddable":true,"href":"https:\/\/infovera.com.ar\/web\/wp-json\/wp\/v2\/tags?post=47420"}],"curies":[{"name":"wp","href":"https:\/\/api.w.org\/{rel}","templated":true}]}}