{"id":47412,"date":"2023-10-17T17:47:05","date_gmt":"2023-10-17T20:47:05","guid":{"rendered":"https:\/\/infovera.com.ar\/web\/?p=47412"},"modified":"2023-10-17T18:18:13","modified_gmt":"2023-10-17T21:18:13","slug":"la-cosvel-anuncio-un-corte-de-agua-para-el-mircoles","status":"publish","type":"post","link":"https:\/\/infovera.com.ar\/web\/2023\/10\/17\/la-cosvel-anuncio-un-corte-de-agua-para-el-mircoles\/","title":{"rendered":"La CosVel anunci\u00f3 un corte de agua para el mi\u00e9rcoles"},"content":{"rendered":"<p>La Cooperativa de Provision de agua potable y otros servicios p\u00fablicos de Vera comunic\u00f3 a la poblaci\u00f3n que el d\u00eda mi\u00e9rcoles 18 de octubre se proceder\u00e1 a efectuar un corte en el suministro de agua potable a partir de las 12:30 y hasta las 17, debido al corte de energ\u00eda el\u00e9ctrica programada por la Empresa Provincial de la Energ\u00eda ya que el sistema de provisi\u00f3n de agua es electrodependiente.<\/p>\n<p>Atento a lo informado, se recomienda a los se\u00f1ores usuarios abastecerse de agua potable y hacer uso racional de la misma<\/p>\n<p>Restablecido el servicio el\u00e9ctrico, el suministro de agua quedar\u00e1 normalizado.<\/p>\n<p>Se ruega disculpar las molestias que esta situaci\u00f3n pueda ocasionar.<\/p>\n","protected":false},"excerpt":{"rendered":"<p>La Cooperativa de Provision de agua potable y otros servicios p\u00fablicos de Vera comunic\u00f3 a la poblaci\u00f3n que el d\u00eda mi\u00e9rcoles 18 de octubre se proceder\u00e1 a efectuar un corte en el suministro de agua potable a partir de las 12:30 y hasta las 17, debido al corte de energ\u00eda el\u00e9ctrica programada por la Empresa [&hellip;]<\/p>\n","protected":false},"author":3,"featured_media":27867,"comment_status":"closed","ping_status":"closed","sticky":false,"template":"","format":"standard","meta":{"_joinchat":[],"footnotes":""},"categories":[53],"tags":[],"class_list":{"0":"post-47412","1":"post","2":"type-post","3":"status-publish","4":"format-standard","5":"has-post-thumbnail","7":"category-vera"},"_links":{"self":[{"href":"https:\/\/infovera.com.ar\/web\/wp-json\/wp\/v2\/posts\/47412","targetHints":{"allow":["GET"]}}],"collection":[{"href":"https:\/\/infovera.com.ar\/web\/wp-json\/wp\/v2\/posts"}],"about":[{"href":"https:\/\/infovera.com.ar\/web\/wp-json\/wp\/v2\/types\/post"}],"author":[{"embeddable":true,"href":"https:\/\/infovera.com.ar\/web\/wp-json\/wp\/v2\/users\/3"}],"replies":[{"embeddable":true,"href":"https:\/\/infovera.com.ar\/web\/wp-json\/wp\/v2\/comments?post=47412"}],"version-history":[{"count":0,"href":"https:\/\/infovera.com.ar\/web\/wp-json\/wp\/v2\/posts\/47412\/revisions"}],"wp:featuredmedia":[{"embeddable":true,"href":"https:\/\/infovera.com.ar\/web\/wp-json\/wp\/v2\/media\/27867"}],"wp:attachment":[{"href":"https:\/\/infovera.com.ar\/web\/wp-json\/wp\/v2\/media?parent=47412"}],"wp:term":[{"taxonomy":"category","embeddable":true,"href":"https:\/\/infovera.com.ar\/web\/wp-json\/wp\/v2\/categories?post=47412"},{"taxonomy":"post_tag","embeddable":true,"href":"https:\/\/infovera.com.ar\/web\/wp-json\/wp\/v2\/tags?post=47412"}],"curies":[{"name":"wp","href":"https:\/\/api.w.org\/{rel}","templated":true}]}}