{"id":47394,"date":"2023-10-16T20:06:45","date_gmt":"2023-10-16T23:06:45","guid":{"rendered":"https:\/\/infovera.com.ar\/web\/?p=47394"},"modified":"2023-10-17T09:42:23","modified_gmt":"2023-10-17T12:42:23","slug":"semifinales-de-reserva-estudiantes-se-quedo-con-el-clasico","status":"publish","type":"post","link":"https:\/\/infovera.com.ar\/web\/2023\/10\/16\/semifinales-de-reserva-estudiantes-se-quedo-con-el-clasico\/","title":{"rendered":"Semifinales de Reserva: Estudiantes se qued\u00f3 con el cl\u00e1sico"},"content":{"rendered":"<p>El cl\u00e1sico de Reserva jugado hoy en cancha del Ceb\u00fa -partido de ida- lo gan\u00f3 Estudiantes Unidos por 2 a 0 a Ferrocarril.<\/p>\n<p>Elpartido que comenz\u00f3 a las 16:30 con arbitraje nacional de Hugo Dami\u00e1n Moreyra y sus asistentes Villarruel y Almir\u00f3n.<\/p>\n<p>El Le\u00f3n fue superior todo el primer tiempo. A los 13 minutos anot\u00f3 Santiago Pucheta Santiago.<\/p>\n<p><a href=\"https:\/\/infovera.com.ar\/web\/wp-content\/uploads\/2023\/10\/refere.jpg\"><img loading=\"lazy\" decoding=\"async\" class=\"alignleft size-full wp-image-47397\" src=\"https:\/\/infovera.com.ar\/web\/wp-content\/uploads\/2023\/10\/refere.jpg\" alt=\"\" width=\"1280\" height=\"963\" srcset=\"https:\/\/infovera.com.ar\/web\/wp-content\/uploads\/2023\/10\/refere.jpg 1280w, https:\/\/infovera.com.ar\/web\/wp-content\/uploads\/2023\/10\/refere-696x524.jpg 696w, https:\/\/infovera.com.ar\/web\/wp-content\/uploads\/2023\/10\/refere-1068x804.jpg 1068w, https:\/\/infovera.com.ar\/web\/wp-content\/uploads\/2023\/10\/refere-558x420.jpg 558w, https:\/\/infovera.com.ar\/web\/wp-content\/uploads\/2023\/10\/refere-80x60.jpg 80w, https:\/\/infovera.com.ar\/web\/wp-content\/uploads\/2023\/10\/refere-265x198.jpg 265w\" sizes=\"auto, (max-width: 1280px) 100vw, 1280px\" \/><\/a><\/p>\n<p>En la etapa complementaria, El Ceb\u00fa domin\u00f3 el tr\u00e1mite, pero en una jugada de pelota parada a los 24 minutos Alexis Delgado marc\u00f3 el segundo y defitivo tanto para el vencedor.<\/p>\n<p>Ayer se jug\u00f3 en Calchaqu\u00ed la otra semifinal de ida entre Calchaqu\u00ed FC vs Giuliani de Crespo. El encuentr\u00f3 termin\u00f3 1 a 1 con gol para el local de Iv\u00e1n Ram\u00faa y para la visita de El\u00edas Abraham.<\/p>\n<p>Los partidos de vuelta se jugar\u00e1 en d\u00eda y horario a confirmar.<\/p>\n<p><a href=\"https:\/\/infovera.com.ar\/web\/wp-content\/uploads\/2023\/10\/ferro.jpg\"><img loading=\"lazy\" decoding=\"async\" class=\"alignleft size-full wp-image-47396\" src=\"https:\/\/infovera.com.ar\/web\/wp-content\/uploads\/2023\/10\/ferro.jpg\" alt=\"\" width=\"1280\" height=\"963\" srcset=\"https:\/\/infovera.com.ar\/web\/wp-content\/uploads\/2023\/10\/ferro.jpg 1280w, https:\/\/infovera.com.ar\/web\/wp-content\/uploads\/2023\/10\/ferro-696x524.jpg 696w, https:\/\/infovera.com.ar\/web\/wp-content\/uploads\/2023\/10\/ferro-1068x804.jpg 1068w, https:\/\/infovera.com.ar\/web\/wp-content\/uploads\/2023\/10\/ferro-558x420.jpg 558w, https:\/\/infovera.com.ar\/web\/wp-content\/uploads\/2023\/10\/ferro-80x60.jpg 80w, https:\/\/infovera.com.ar\/web\/wp-content\/uploads\/2023\/10\/ferro-265x198.jpg 265w\" sizes=\"auto, (max-width: 1280px) 100vw, 1280px\" \/><\/a><\/p>\n<p>&nbsp;<\/p>\n<p>&nbsp;<\/p>\n<p>&nbsp;<\/p>\n<p>&nbsp;<\/p>\n<p>&nbsp;<\/p>\n<p>&nbsp;<\/p>\n","protected":false},"excerpt":{"rendered":"<p>El cl\u00e1sico de Reserva jugado hoy en cancha del Ceb\u00fa -partido de ida- lo gan\u00f3 Estudiantes Unidos por 2 a 0 a Ferrocarril. Elpartido que comenz\u00f3 a las 16:30 con arbitraje nacional de Hugo Dami\u00e1n Moreyra y sus asistentes Villarruel y Almir\u00f3n. El Le\u00f3n fue superior todo el primer tiempo. A los 13 minutos anot\u00f3 [&hellip;]<\/p>\n","protected":false},"author":3,"featured_media":47395,"comment_status":"closed","ping_status":"closed","sticky":false,"template":"","format":"standard","meta":{"_joinchat":[],"footnotes":""},"categories":[31,35,53],"tags":[],"class_list":{"0":"post-47394","1":"post","2":"type-post","3":"status-publish","4":"format-standard","5":"has-post-thumbnail","7":"category-deportes","8":"category-futbol","9":"category-vera"},"_links":{"self":[{"href":"https:\/\/infovera.com.ar\/web\/wp-json\/wp\/v2\/posts\/47394","targetHints":{"allow":["GET"]}}],"collection":[{"href":"https:\/\/infovera.com.ar\/web\/wp-json\/wp\/v2\/posts"}],"about":[{"href":"https:\/\/infovera.com.ar\/web\/wp-json\/wp\/v2\/types\/post"}],"author":[{"embeddable":true,"href":"https:\/\/infovera.com.ar\/web\/wp-json\/wp\/v2\/users\/3"}],"replies":[{"embeddable":true,"href":"https:\/\/infovera.com.ar\/web\/wp-json\/wp\/v2\/comments?post=47394"}],"version-history":[{"count":0,"href":"https:\/\/infovera.com.ar\/web\/wp-json\/wp\/v2\/posts\/47394\/revisions"}],"wp:featuredmedia":[{"embeddable":true,"href":"https:\/\/infovera.com.ar\/web\/wp-json\/wp\/v2\/media\/47395"}],"wp:attachment":[{"href":"https:\/\/infovera.com.ar\/web\/wp-json\/wp\/v2\/media?parent=47394"}],"wp:term":[{"taxonomy":"category","embeddable":true,"href":"https:\/\/infovera.com.ar\/web\/wp-json\/wp\/v2\/categories?post=47394"},{"taxonomy":"post_tag","embeddable":true,"href":"https:\/\/infovera.com.ar\/web\/wp-json\/wp\/v2\/tags?post=47394"}],"curies":[{"name":"wp","href":"https:\/\/api.w.org\/{rel}","templated":true}]}}