{"id":47355,"date":"2023-10-13T12:51:26","date_gmt":"2023-10-13T15:51:26","guid":{"rendered":"https:\/\/infovera.com.ar\/web\/?p=47355"},"modified":"2023-10-13T12:51:26","modified_gmt":"2023-10-13T15:51:26","slug":"la-unidad-regional-xix-cumplio-132-anos","status":"publish","type":"post","link":"https:\/\/infovera.com.ar\/web\/2023\/10\/13\/la-unidad-regional-xix-cumplio-132-anos\/","title":{"rendered":"La Unidad Regional XIX cumpli\u00f3 132 a\u00f1os"},"content":{"rendered":"<p>Fue celebrado con un acto en la explanada de la sede policial \u00a0presidido por el jefe de Polic\u00eda de Provincia Mart\u00edn Garc\u00eda y cont\u00f3 con la presencia del jefe y subjefe de la unidad XIX, Omar Duarte y Diego Constanzo,\u00a0 la intendente Paula Mitre, el subjefe de Polic\u00eda de Provincia Jos\u00e9 Eduardo Senn, el director de Seguridad Rural \u201cLos Pumas\u201d, Adri\u00e1n Roland; el director de Seguridad Vial, Daniel Borovachi; el jefe de la Unidad Penal 10 de Santa Felicia, Adri\u00e1n Ort\u00edz, el jefe de la UR XII Ariel Monje, personal de la plana mayor y retirados, el presidente comunal de Margarita, Ariel Bola\u00f1o y el senador Osvaldo Sosa.<\/p>\n<p>Se descubri\u00f3 una placa\u00a0 como reconocimiento al personal femenino que pas\u00f3 por la instituci\u00f3n y un minuto de silencio con una ofrenda en homenaje al personal fallecido, con una invocaci\u00f3n religiosa a cargo del di\u00e1cono permanente Horacio Gonz\u00e1lez.<\/p>\n<p>Los funcionarios invitados tambi\u00e9n hicieron entrega de presentes a la jefatura de la UR XIX, incluyendo una plaqueta de parte de la polic\u00eda provincial.<\/p>\n<p>Al referirse a la fecha, el jefe de la UR XIX, Omar Duarte, hizo extensivo sus agradecimientos, entre otros, \u201ca la superioridad que nos otorg\u00f3 la responsabilidad y el privilegio de conducir esta Unidad y a quienes a\u00fan conf\u00edan en nosotros\u201d.<\/p>\n<p>Tambi\u00e9n reconoci\u00f3 \u201cel compromiso demostrado durante todo este tiempo por las \u00a0autoridades locales\u201d.<\/p>\n<p>\u201cUn agradecimiento especial para todos los integrantes de nuestra fuerza que desempe\u00f1an tareas en todo el \u00e1mbito departamental llevando con orgullo y vocaci\u00f3n el uniforme\u201d, agreg\u00f3.<\/p>\n<p>Finalmente, y a modo de despedida, se sinti\u00f3 \u201corgulloso de haber tenido el privilegio de haber sido parte de esta Unidad Regional XIX\u201d.<\/p>\n<p>En cuanto al jefe de Polic\u00eda de Provincia, Mart\u00edn Garc\u00eda, en di\u00e1logo con la prensa exterioriz\u00f3 su emoci\u00f3n por \u201cel merecido homenaje a las mujeres polic\u00edas\u201d.<\/p>\n<p>Al ser consultado por esta etapa de transici\u00f3n, que tambi\u00e9n incluye a la polic\u00eda, la calific\u00f3 como ejemplar dado que \u201cestamos cumpliendo con todos los requisitos propios de la situaci\u00f3n en tiempo y forma\u201d.<\/p>\n<p>Consultado sobre su balance sobre lo actuado reconoci\u00f3 \u201cel esp\u00edritu de servicio y el profesionalismo de todo el personal policial que contribuy\u00f3 para lograr los mejores resultados\u201d.<\/p>\n<p>Ante una pregunta sobre la incorporaci\u00f3n de nuevos agentes, detall\u00f3 que \u201cse realiza de manera autom\u00e1tica a partir de la aprobaci\u00f3n en el ISeP, el gobernador firma el decreto correspondiente y nosotros le damos destino\u201d.<\/p>\n<p>Concluido el acto, las autoridades participaron de un agasajo en el que compartieron un refrigerio.<\/p>\n<p><a href=\"https:\/\/infovera.com.ar\/web\/wp-content\/uploads\/2023\/10\/2-6.jpg\"><img loading=\"lazy\" decoding=\"async\" class=\"alignleft size-full wp-image-47357\" src=\"https:\/\/infovera.com.ar\/web\/wp-content\/uploads\/2023\/10\/2-6.jpg\" alt=\"\" width=\"1138\" height=\"800\" srcset=\"https:\/\/infovera.com.ar\/web\/wp-content\/uploads\/2023\/10\/2-6.jpg 1138w, https:\/\/infovera.com.ar\/web\/wp-content\/uploads\/2023\/10\/2-6-696x489.jpg 696w, https:\/\/infovera.com.ar\/web\/wp-content\/uploads\/2023\/10\/2-6-1068x751.jpg 1068w, https:\/\/infovera.com.ar\/web\/wp-content\/uploads\/2023\/10\/2-6-597x420.jpg 597w, https:\/\/infovera.com.ar\/web\/wp-content\/uploads\/2023\/10\/2-6-100x70.jpg 100w\" sizes=\"auto, (max-width: 1138px) 100vw, 1138px\" \/><\/a><\/p>\n<p>Letyana Press<\/p>\n","protected":false},"excerpt":{"rendered":"<p>Fue celebrado con un acto en la explanada de la sede policial \u00a0presidido por el jefe de Polic\u00eda de Provincia Mart\u00edn Garc\u00eda y cont\u00f3 con la presencia del jefe y subjefe de la unidad XIX, Omar Duarte y Diego Constanzo,\u00a0 la intendente Paula Mitre, el subjefe de Polic\u00eda de Provincia Jos\u00e9 Eduardo Senn, el director [&hellip;]<\/p>\n","protected":false},"author":3,"featured_media":47356,"comment_status":"closed","ping_status":"closed","sticky":false,"template":"","format":"standard","meta":{"_joinchat":[],"footnotes":""},"categories":[53],"tags":[],"class_list":{"0":"post-47355","1":"post","2":"type-post","3":"status-publish","4":"format-standard","5":"has-post-thumbnail","7":"category-vera"},"_links":{"self":[{"href":"https:\/\/infovera.com.ar\/web\/wp-json\/wp\/v2\/posts\/47355","targetHints":{"allow":["GET"]}}],"collection":[{"href":"https:\/\/infovera.com.ar\/web\/wp-json\/wp\/v2\/posts"}],"about":[{"href":"https:\/\/infovera.com.ar\/web\/wp-json\/wp\/v2\/types\/post"}],"author":[{"embeddable":true,"href":"https:\/\/infovera.com.ar\/web\/wp-json\/wp\/v2\/users\/3"}],"replies":[{"embeddable":true,"href":"https:\/\/infovera.com.ar\/web\/wp-json\/wp\/v2\/comments?post=47355"}],"version-history":[{"count":0,"href":"https:\/\/infovera.com.ar\/web\/wp-json\/wp\/v2\/posts\/47355\/revisions"}],"wp:featuredmedia":[{"embeddable":true,"href":"https:\/\/infovera.com.ar\/web\/wp-json\/wp\/v2\/media\/47356"}],"wp:attachment":[{"href":"https:\/\/infovera.com.ar\/web\/wp-json\/wp\/v2\/media?parent=47355"}],"wp:term":[{"taxonomy":"category","embeddable":true,"href":"https:\/\/infovera.com.ar\/web\/wp-json\/wp\/v2\/categories?post=47355"},{"taxonomy":"post_tag","embeddable":true,"href":"https:\/\/infovera.com.ar\/web\/wp-json\/wp\/v2\/tags?post=47355"}],"curies":[{"name":"wp","href":"https:\/\/api.w.org\/{rel}","templated":true}]}}