{"id":47299,"date":"2023-10-09T19:55:08","date_gmt":"2023-10-09T22:55:08","guid":{"rendered":"https:\/\/infovera.com.ar\/web\/?p=47299"},"modified":"2023-10-10T18:48:03","modified_gmt":"2023-10-10T21:48:03","slug":"se-labraron-mas-de-300-actas-de-infraccion-y-fueron-retenidas-17-motos-en-vera","status":"publish","type":"post","link":"https:\/\/infovera.com.ar\/web\/2023\/10\/09\/se-labraron-mas-de-300-actas-de-infraccion-y-fueron-retenidas-17-motos-en-vera\/","title":{"rendered":"Se labraron m\u00e1s de 300 actas de infracci\u00f3n y fueron retenidas 17 motos en Vera"},"content":{"rendered":"<p>La Subsecretar\u00eda de Seguridad y Control Urbano inform\u00f3 las actuaciones realizadas el fin de semana en la ciudad.<\/p>\n<p>En cuanto a actas de infracci\u00f3n, se labraron 110 en operativos veh\u00edculares y 213 en rutinas diarias; 323 en total.<\/p>\n<p>Con relaci\u00f3n a las motos, fueron retenidas 14 en operativos fijos, 2 en operativos m\u00f3viles y 1 correspondi\u00f3 a un operativo de la Unidad Regional XIX.<\/p>\n<p>Desde el \u00e1rea a cargo de los controles se recomend\u00f3 a la poblaci\u00f3n circular siempre cumpliendo con las normativas vigentes, llevar la licencia de conducir y el casco puesto.<\/p>\n<p>&nbsp;<\/p>\n","protected":false},"excerpt":{"rendered":"<p>La Subsecretar\u00eda de Seguridad y Control Urbano inform\u00f3 las actuaciones realizadas el fin de semana en la ciudad. En cuanto a actas de infracci\u00f3n, se labraron 110 en operativos veh\u00edculares y 213 en rutinas diarias; 323 en total. Con relaci\u00f3n a las motos, fueron retenidas 14 en operativos fijos, 2 en operativos m\u00f3viles y 1 [&hellip;]<\/p>\n","protected":false},"author":3,"featured_media":47300,"comment_status":"closed","ping_status":"closed","sticky":false,"template":"","format":"standard","meta":{"_joinchat":[],"footnotes":""},"categories":[53],"tags":[],"class_list":{"0":"post-47299","1":"post","2":"type-post","3":"status-publish","4":"format-standard","5":"has-post-thumbnail","7":"category-vera"},"_links":{"self":[{"href":"https:\/\/infovera.com.ar\/web\/wp-json\/wp\/v2\/posts\/47299","targetHints":{"allow":["GET"]}}],"collection":[{"href":"https:\/\/infovera.com.ar\/web\/wp-json\/wp\/v2\/posts"}],"about":[{"href":"https:\/\/infovera.com.ar\/web\/wp-json\/wp\/v2\/types\/post"}],"author":[{"embeddable":true,"href":"https:\/\/infovera.com.ar\/web\/wp-json\/wp\/v2\/users\/3"}],"replies":[{"embeddable":true,"href":"https:\/\/infovera.com.ar\/web\/wp-json\/wp\/v2\/comments?post=47299"}],"version-history":[{"count":0,"href":"https:\/\/infovera.com.ar\/web\/wp-json\/wp\/v2\/posts\/47299\/revisions"}],"wp:featuredmedia":[{"embeddable":true,"href":"https:\/\/infovera.com.ar\/web\/wp-json\/wp\/v2\/media\/47300"}],"wp:attachment":[{"href":"https:\/\/infovera.com.ar\/web\/wp-json\/wp\/v2\/media?parent=47299"}],"wp:term":[{"taxonomy":"category","embeddable":true,"href":"https:\/\/infovera.com.ar\/web\/wp-json\/wp\/v2\/categories?post=47299"},{"taxonomy":"post_tag","embeddable":true,"href":"https:\/\/infovera.com.ar\/web\/wp-json\/wp\/v2\/tags?post=47299"}],"curies":[{"name":"wp","href":"https:\/\/api.w.org\/{rel}","templated":true}]}}