{"id":47264,"date":"2023-10-09T07:38:54","date_gmt":"2023-10-09T10:38:54","guid":{"rendered":"https:\/\/infovera.com.ar\/web\/?p=47264"},"modified":"2023-10-09T19:56:58","modified_gmt":"2023-10-09T22:56:58","slug":"marcha-en-reclamo-de-justicia-por-la-muerte-del-policia-andresito-aguirre","status":"publish","type":"post","link":"https:\/\/infovera.com.ar\/web\/2023\/10\/09\/marcha-en-reclamo-de-justicia-por-la-muerte-del-policia-andresito-aguirre\/","title":{"rendered":"Marcha en reclamo de justicia por la muerte del polic\u00eda &#8220;Andresito&#8221; Aguirre"},"content":{"rendered":"<p>Un multitud march\u00f3 este domingo por la calles de Margarita para exigir justicia por el atroz crimen de Ariel &#8220;Andresito&#8221; Aguirre.<\/p>\n<p>Sus padres, amigos y vecinos del pueblo se manifestaron con carteles y pancartas que rezaban &#8220;Memoria y Justicia por Andresito&#8221;.<\/p>\n<div style=\"width: 696px;\" class=\"wp-video\"><video class=\"wp-video-shortcode\" id=\"video-47264-1\" width=\"696\" height=\"394\" preload=\"metadata\" controls=\"controls\"><source type=\"video\/mp4\" src=\"https:\/\/infovera.com.ar\/web\/wp-content\/uploads\/2023\/10\/WhatsApp-Video-2023-10-08-at-7.58.29-PM.mp4?_=1\" \/><a href=\"https:\/\/infovera.com.ar\/web\/wp-content\/uploads\/2023\/10\/WhatsApp-Video-2023-10-08-at-7.58.29-PM.mp4\">https:\/\/infovera.com.ar\/web\/wp-content\/uploads\/2023\/10\/WhatsApp-Video-2023-10-08-at-7.58.29-PM.mp4<\/a><\/video><\/div>\n<p>El jueves, Alexis Franco fue imputado por el hecho y qued\u00f3 acusado por homicidio y da\u00f1o, una car\u00e1tula penal que no conform\u00f3 a la familia que advirti\u00f3 que no fue un asesinato simple y reclam\u00f3 perpetua.<\/p>\n<p>En tanto, el viernes J\u00e9sica Morales fue imputada por encubrimiento.<\/p>\n<p><a href=\"https:\/\/infovera.com.ar\/web\/wp-content\/uploads\/2023\/10\/1-m.jpg\"><img loading=\"lazy\" decoding=\"async\" class=\"alignleft size-full wp-image-47267\" src=\"https:\/\/infovera.com.ar\/web\/wp-content\/uploads\/2023\/10\/1-m.jpg\" alt=\"\" width=\"1280\" height=\"576\" srcset=\"https:\/\/infovera.com.ar\/web\/wp-content\/uploads\/2023\/10\/1-m.jpg 1280w, https:\/\/infovera.com.ar\/web\/wp-content\/uploads\/2023\/10\/1-m-696x313.jpg 696w, https:\/\/infovera.com.ar\/web\/wp-content\/uploads\/2023\/10\/1-m-1068x481.jpg 1068w, https:\/\/infovera.com.ar\/web\/wp-content\/uploads\/2023\/10\/1-m-933x420.jpg 933w\" sizes=\"auto, (max-width: 1280px) 100vw, 1280px\" \/><\/a><\/p>\n","protected":false},"excerpt":{"rendered":"<p>Un multitud march\u00f3 este domingo por la calles de Margarita para exigir justicia por el atroz crimen de Ariel &#8220;Andresito&#8221; Aguirre. Sus padres, amigos y vecinos del pueblo se manifestaron con carteles y pancartas que rezaban &#8220;Memoria y Justicia por Andresito&#8221;. El jueves, Alexis Franco fue imputado por el hecho y qued\u00f3 acusado por homicidio [&hellip;]<\/p>\n","protected":false},"author":3,"featured_media":47265,"comment_status":"closed","ping_status":"closed","sticky":false,"template":"","format":"standard","meta":{"_joinchat":[],"footnotes":""},"categories":[54],"tags":[],"class_list":{"0":"post-47264","1":"post","2":"type-post","3":"status-publish","4":"format-standard","5":"has-post-thumbnail","7":"category-margarita"},"_links":{"self":[{"href":"https:\/\/infovera.com.ar\/web\/wp-json\/wp\/v2\/posts\/47264","targetHints":{"allow":["GET"]}}],"collection":[{"href":"https:\/\/infovera.com.ar\/web\/wp-json\/wp\/v2\/posts"}],"about":[{"href":"https:\/\/infovera.com.ar\/web\/wp-json\/wp\/v2\/types\/post"}],"author":[{"embeddable":true,"href":"https:\/\/infovera.com.ar\/web\/wp-json\/wp\/v2\/users\/3"}],"replies":[{"embeddable":true,"href":"https:\/\/infovera.com.ar\/web\/wp-json\/wp\/v2\/comments?post=47264"}],"version-history":[{"count":0,"href":"https:\/\/infovera.com.ar\/web\/wp-json\/wp\/v2\/posts\/47264\/revisions"}],"wp:featuredmedia":[{"embeddable":true,"href":"https:\/\/infovera.com.ar\/web\/wp-json\/wp\/v2\/media\/47265"}],"wp:attachment":[{"href":"https:\/\/infovera.com.ar\/web\/wp-json\/wp\/v2\/media?parent=47264"}],"wp:term":[{"taxonomy":"category","embeddable":true,"href":"https:\/\/infovera.com.ar\/web\/wp-json\/wp\/v2\/categories?post=47264"},{"taxonomy":"post_tag","embeddable":true,"href":"https:\/\/infovera.com.ar\/web\/wp-json\/wp\/v2\/tags?post=47264"}],"curies":[{"name":"wp","href":"https:\/\/api.w.org\/{rel}","templated":true}]}}