{"id":47236,"date":"2023-10-06T08:19:54","date_gmt":"2023-10-06T11:19:54","guid":{"rendered":"https:\/\/infovera.com.ar\/web\/?p=47236"},"modified":"2023-10-06T16:54:43","modified_gmt":"2023-10-06T19:54:43","slug":"otro-logro-de-amra-es-ley-la-excepcion-de-la-9282-que-establece-el-pase-a-planta","status":"publish","type":"post","link":"https:\/\/infovera.com.ar\/web\/2023\/10\/06\/otro-logro-de-amra-es-ley-la-excepcion-de-la-9282-que-establece-el-pase-a-planta\/","title":{"rendered":"Otro logro de AMRA: es ley la excepci\u00f3n de la 9282 que establece el pase a planta"},"content":{"rendered":"<p>El Sindicato de M\u00e9dicos de la Rep\u00fablica Argentina (AMRA) Seccionales Norte Centro y Sur de Santa Fe inform\u00f3 con satisfacci\u00f3n que en la tarde de hoy, jueves 5 de octubre, la C\u00e1mara de Diputados de la Provincia aprob\u00f3 la media sanci\u00f3n que restaba y convirti\u00f3 en Ley la excepci\u00f3n de la actual 9282 que establece que las y los profesionales de la salud, que actualmente trabajan como contratados y monotributistas y sean mayores de 40 a\u00f1os y tengan m\u00e1s de 10 a\u00f1os de recibidos, podr\u00e1n pasar a planta permanente en la resoluci\u00f3n que firmar\u00e1 el poder ejecutivo, una vez que la misma se promulgue.<\/p>\n<p>En total, son &#8220;m\u00e1s de 700 compa\u00f1eros y compa\u00f1eras que ser\u00e1n beneficiados con esta decisi\u00f3n impulsada por nuestro gremio y avalada por la Legislatura&#8221;, celebr\u00f3 el gremio.<\/p>\n<p>&#8220;Esta conquista es un premio a la lucha y al esfuerzo de cada uno de nuestros colegas que acompa\u00f1aron nuestro reclamo, no solo cuando se discuti\u00f3 la negociaci\u00f3n paritaria a principio de a\u00f1o, sino tambi\u00e9n a lo largo del 2023 participando de encuentros, marchas y movilizaciones para que los legisladores se pongan a trabajar sobre la misma&#8221;, contextualiz\u00f3.<\/p>\n<p>AMRA, como representante de todos los profesionales y las profesionales &#8220;se enorgullece de haber puesto en consideraci\u00f3n esta situaci\u00f3n como uno de los puntos salientes de la actual negociaci\u00f3n paritaria&#8221;.<\/p>\n<p>&#8220;Agradecemos el apoyo de cada uno de los compa\u00f1eros y compa\u00f1eras y le decimos que seguiremos adelante con cada uno de los reclamos pendientes a los fines de obtener m\u00e1s y mejores derechos&#8221;.<\/p>\n","protected":false},"excerpt":{"rendered":"<p>El Sindicato de M\u00e9dicos de la Rep\u00fablica Argentina (AMRA) Seccionales Norte Centro y Sur de Santa Fe inform\u00f3 con satisfacci\u00f3n que en la tarde de hoy, jueves 5 de octubre, la C\u00e1mara de Diputados de la Provincia aprob\u00f3 la media sanci\u00f3n que restaba y convirti\u00f3 en Ley la excepci\u00f3n de la actual 9282 que establece [&hellip;]<\/p>\n","protected":false},"author":3,"featured_media":47237,"comment_status":"closed","ping_status":"closed","sticky":false,"template":"","format":"standard","meta":{"_joinchat":[],"footnotes":""},"categories":[60],"tags":[],"class_list":{"0":"post-47236","1":"post","2":"type-post","3":"status-publish","4":"format-standard","5":"has-post-thumbnail","7":"category-provinciales"},"_links":{"self":[{"href":"https:\/\/infovera.com.ar\/web\/wp-json\/wp\/v2\/posts\/47236","targetHints":{"allow":["GET"]}}],"collection":[{"href":"https:\/\/infovera.com.ar\/web\/wp-json\/wp\/v2\/posts"}],"about":[{"href":"https:\/\/infovera.com.ar\/web\/wp-json\/wp\/v2\/types\/post"}],"author":[{"embeddable":true,"href":"https:\/\/infovera.com.ar\/web\/wp-json\/wp\/v2\/users\/3"}],"replies":[{"embeddable":true,"href":"https:\/\/infovera.com.ar\/web\/wp-json\/wp\/v2\/comments?post=47236"}],"version-history":[{"count":0,"href":"https:\/\/infovera.com.ar\/web\/wp-json\/wp\/v2\/posts\/47236\/revisions"}],"wp:featuredmedia":[{"embeddable":true,"href":"https:\/\/infovera.com.ar\/web\/wp-json\/wp\/v2\/media\/47237"}],"wp:attachment":[{"href":"https:\/\/infovera.com.ar\/web\/wp-json\/wp\/v2\/media?parent=47236"}],"wp:term":[{"taxonomy":"category","embeddable":true,"href":"https:\/\/infovera.com.ar\/web\/wp-json\/wp\/v2\/categories?post=47236"},{"taxonomy":"post_tag","embeddable":true,"href":"https:\/\/infovera.com.ar\/web\/wp-json\/wp\/v2\/tags?post=47236"}],"curies":[{"name":"wp","href":"https:\/\/api.w.org\/{rel}","templated":true}]}}