{"id":47230,"date":"2023-10-05T19:44:17","date_gmt":"2023-10-05T22:44:17","guid":{"rendered":"https:\/\/infovera.com.ar\/web\/?p=47230"},"modified":"2023-10-05T20:33:31","modified_gmt":"2023-10-05T23:33:31","slug":"osvaldo-sosa-esta-sancion-pone-en-valor-mas-90-anos-de-historia-y-de-cultura","status":"publish","type":"post","link":"https:\/\/infovera.com.ar\/web\/2023\/10\/05\/osvaldo-sosa-esta-sancion-pone-en-valor-mas-90-anos-de-historia-y-de-cultura\/","title":{"rendered":"Osvaldo Sosa: &#8220;\u201cEsta sanci\u00f3n pone en valor m\u00e1s 90 a\u00f1os de historia y de cultura&#8221;"},"content":{"rendered":"<p>En el d\u00eda de hoy, se dio la sanci\u00f3n definitiva a la ley que declara Patrimonio Hist\u00f3rico y Cultural, al edificio donde funciona el Teatro Espa\u00f1ol de la ciudad de Vera, ubicado en calle 25 de Mayo 1.845 de la ciudad de Vera.<\/p>\n<p>El proyecto hab\u00eda sido presentado por el Senador Osvaldo Sosa en el a\u00f1o 2022 y en el mismo a\u00f1o fue aprobado por la c\u00e1mara de senadores. En el d\u00eda de hoy con la media sanci\u00f3n en Diputados, se transform\u00f3 en ley.<\/p>\n<p>En este sentido, el senador Sosa destac\u00f3 la novedad hist\u00f3rica: \u201cEsta sanci\u00f3n pone en valor m\u00e1s 90 a\u00f1os de historia y de cultura, y nos permite el acceso a recursos para fortalecer la vida cultural de nuestro teatro.\u201d<\/p>\n<p>Siguiendo con un mensaje de agradecimiento, el legislador coment\u00f3: \u201dQuiero agradecer a todos los que acompa\u00f1aron esta iniciativa, especialmente a la C\u00e1mara de Diputados que acompa\u00f1o esta iniciativa en el d\u00eda de hoy, acompa\u00f1amiento que no hace otra cosa que solidificar los cimientos culturales de nuestros pueblos.\u201d<\/p>\n<p>Asimismo, el senador Osvaldo Sosa agradeci\u00f3 especialmente a la Comisi\u00f3n Directiva de la Sociedad Espa\u00f1ola que desinteresadamente lucha continuamente para poner en valor el edificio emblem\u00e1tico e identitario de todos los verenses.<\/p>\n","protected":false},"excerpt":{"rendered":"<p>En el d\u00eda de hoy, se dio la sanci\u00f3n definitiva a la ley que declara Patrimonio Hist\u00f3rico y Cultural, al edificio donde funciona el Teatro Espa\u00f1ol de la ciudad de Vera, ubicado en calle 25 de Mayo 1.845 de la ciudad de Vera. El proyecto hab\u00eda sido presentado por el Senador Osvaldo Sosa en el [&hellip;]<\/p>\n","protected":false},"author":3,"featured_media":47231,"comment_status":"closed","ping_status":"closed","sticky":false,"template":"","format":"standard","meta":{"_joinchat":[],"footnotes":""},"categories":[53],"tags":[],"class_list":{"0":"post-47230","1":"post","2":"type-post","3":"status-publish","4":"format-standard","5":"has-post-thumbnail","7":"category-vera"},"_links":{"self":[{"href":"https:\/\/infovera.com.ar\/web\/wp-json\/wp\/v2\/posts\/47230","targetHints":{"allow":["GET"]}}],"collection":[{"href":"https:\/\/infovera.com.ar\/web\/wp-json\/wp\/v2\/posts"}],"about":[{"href":"https:\/\/infovera.com.ar\/web\/wp-json\/wp\/v2\/types\/post"}],"author":[{"embeddable":true,"href":"https:\/\/infovera.com.ar\/web\/wp-json\/wp\/v2\/users\/3"}],"replies":[{"embeddable":true,"href":"https:\/\/infovera.com.ar\/web\/wp-json\/wp\/v2\/comments?post=47230"}],"version-history":[{"count":0,"href":"https:\/\/infovera.com.ar\/web\/wp-json\/wp\/v2\/posts\/47230\/revisions"}],"wp:featuredmedia":[{"embeddable":true,"href":"https:\/\/infovera.com.ar\/web\/wp-json\/wp\/v2\/media\/47231"}],"wp:attachment":[{"href":"https:\/\/infovera.com.ar\/web\/wp-json\/wp\/v2\/media?parent=47230"}],"wp:term":[{"taxonomy":"category","embeddable":true,"href":"https:\/\/infovera.com.ar\/web\/wp-json\/wp\/v2\/categories?post=47230"},{"taxonomy":"post_tag","embeddable":true,"href":"https:\/\/infovera.com.ar\/web\/wp-json\/wp\/v2\/tags?post=47230"}],"curies":[{"name":"wp","href":"https:\/\/api.w.org\/{rel}","templated":true}]}}