{"id":47209,"date":"2023-10-05T14:23:51","date_gmt":"2023-10-05T17:23:51","guid":{"rendered":"https:\/\/infovera.com.ar\/web\/?p=47209"},"modified":"2023-10-09T08:43:46","modified_gmt":"2023-10-09T11:43:46","slug":"tension-frente-a-tribunales-insultaron-al-mecanico-franco-y-a-sus-abogados-defensores","status":"publish","type":"post","link":"https:\/\/infovera.com.ar\/web\/2023\/10\/05\/tension-frente-a-tribunales-insultaron-al-mecanico-franco-y-a-sus-abogados-defensores\/","title":{"rendered":"Tensi\u00f3n frente a Tribunales: insultaron al acusado de crimen y a sus abogados defensores"},"content":{"rendered":"<p>Una vez concluidas las audiencias donde fue imputado por homicidio y se le dict\u00f3 prisi\u00f3n preventiva sin plazos a Alexis Franco por la muerte de Ariel Aguirre, polic\u00eda vial, en la calle frente a la sede Tribunales se vivieron momentos de tensi\u00f3n.<\/p>\n<p>Fue cuando el acusado del sangriento crimen a cuchilladas debi\u00f3 abandonar el edificio para ir a la alcaid\u00eda fuertemente custodiado por la polic\u00eda.<\/p>\n<p>&#8220;Asesino, asesino&#8221;, lo increp\u00f3 el grupo de familiares y alllegados de la v\u00edctima, que luego gir\u00f3 hacia el oeste para reclamarles a los defensores de Franco &#8220;por qu\u00e9 defienden asesinos&#8221;.<\/p>\n<p>Fue la madre de &#8220;Andresito&#8221; Aguirre quien se sobrepuso a la situaci\u00f3n y pidi\u00f3 calma y no insultar a nadie, y volvi\u00f3 a formular el pedido de justicia: &#8220;Si el cuerpo de mi hijo no se quem\u00f3 adentro del auto es porque hay un Dios arriba, queremos que los que sepan algo se acerquen a la comisar\u00eda, vamos a hacer justicia por mi hijo para aliviar este dolor que llevamos&#8221;, pronunci\u00f3, quebrada por el dolor.<\/p>\n","protected":false},"excerpt":{"rendered":"<p>Una vez concluidas las audiencias donde fue imputado por homicidio y se le dict\u00f3 prisi\u00f3n preventiva sin plazos a Alexis Franco por la muerte de Ariel Aguirre, polic\u00eda vial, en la calle frente a la sede Tribunales se vivieron momentos de tensi\u00f3n. Fue cuando el acusado del sangriento crimen a cuchilladas debi\u00f3 abandonar el edificio [&hellip;]<\/p>\n","protected":false},"author":3,"featured_media":47210,"comment_status":"closed","ping_status":"closed","sticky":false,"template":"","format":"standard","meta":{"_joinchat":[],"footnotes":""},"categories":[30,53],"tags":[],"class_list":{"0":"post-47209","1":"post","2":"type-post","3":"status-publish","4":"format-standard","5":"has-post-thumbnail","7":"category-policiales","8":"category-vera"},"_links":{"self":[{"href":"https:\/\/infovera.com.ar\/web\/wp-json\/wp\/v2\/posts\/47209","targetHints":{"allow":["GET"]}}],"collection":[{"href":"https:\/\/infovera.com.ar\/web\/wp-json\/wp\/v2\/posts"}],"about":[{"href":"https:\/\/infovera.com.ar\/web\/wp-json\/wp\/v2\/types\/post"}],"author":[{"embeddable":true,"href":"https:\/\/infovera.com.ar\/web\/wp-json\/wp\/v2\/users\/3"}],"replies":[{"embeddable":true,"href":"https:\/\/infovera.com.ar\/web\/wp-json\/wp\/v2\/comments?post=47209"}],"version-history":[{"count":0,"href":"https:\/\/infovera.com.ar\/web\/wp-json\/wp\/v2\/posts\/47209\/revisions"}],"wp:featuredmedia":[{"embeddable":true,"href":"https:\/\/infovera.com.ar\/web\/wp-json\/wp\/v2\/media\/47210"}],"wp:attachment":[{"href":"https:\/\/infovera.com.ar\/web\/wp-json\/wp\/v2\/media?parent=47209"}],"wp:term":[{"taxonomy":"category","embeddable":true,"href":"https:\/\/infovera.com.ar\/web\/wp-json\/wp\/v2\/categories?post=47209"},{"taxonomy":"post_tag","embeddable":true,"href":"https:\/\/infovera.com.ar\/web\/wp-json\/wp\/v2\/tags?post=47209"}],"curies":[{"name":"wp","href":"https:\/\/api.w.org\/{rel}","templated":true}]}}