{"id":47197,"date":"2023-10-05T12:13:57","date_gmt":"2023-10-05T15:13:57","guid":{"rendered":"https:\/\/infovera.com.ar\/web\/?p=47197"},"modified":"2023-10-05T19:18:16","modified_gmt":"2023-10-05T22:18:16","slug":"imputaron-al-mecanico-franco-por-el-crimen-del-policia-de-margarita","status":"publish","type":"post","link":"https:\/\/infovera.com.ar\/web\/2023\/10\/05\/imputaron-al-mecanico-franco-por-el-crimen-del-policia-de-margarita\/","title":{"rendered":"Imputaron al mec\u00e1nico Franco por el crimen del polic\u00eda de Margarita"},"content":{"rendered":"<p>En una jornada de extrema tensi\u00f3n en los Tribunales de Vera, el fiscal Alejandro Rodr\u00edguez imput\u00f3 a Alexis Franco por el sangriento asesinato del polic\u00eda vial Ariel Andr\u00e9s Aguirre.<\/p>\n<p>En una audiencia que debi\u00f3 pasar de la sala habitual a la una m\u00e1s grande por la cantidad de familaires y medios de comunicaci\u00f3n presentes, el representante de MPA le atribuy\u00f3 al mec\u00e1nico de 28 a\u00f1os el delito de homicidio en concurso real con da\u00f1o por el hecho ocurrido en Margarita el pasado lunes.<\/p>\n<p>En la acusaci\u00f3n, le endilg\u00f3 a Franco haber dado muerte al numerario policial alrededor de las 11:15 del d\u00eda citado utilizando un cuchillo, cabo de color crema, con vaina de cuero natural, de 17 cent\u00edmetros de hoja, de 3 cent\u00edmetros de ancho en la parte de la fuerza, y un largo total de 30 cent\u00edmetros.<\/p>\n<p>El funcionario sostuvo que el demencial ataque le provoc\u00f3 a la v\u00edctima siete heridas, en t\u00f3rax, cuello y axila, dos de las cuales fueron determinantes para su muerte ya que dieron en el coraz\u00f3n, y se perpetr\u00f3 en el interior del domicilio del presunto homicida, que -siempre de acuerdo a la investigaci\u00f3n en curso- agredi\u00f3 f\u00edsicamente a la v\u00edctima y luego subi\u00f3 el cuerpo de Aguirre en el asiento trasero, lo coloc\u00f3 en posici\u00f3n fetal, con su cabeza al piso, el pie y la espalda en el asiento, y lo traslad\u00f3 hacia la zona rural de Margarita.<\/p>\n<p>Una vez en un punto situado cuatro kil\u00f3metros al oeste del pueblo, denominado Campo Consejo, procedi\u00f3 a incendiar el veh\u00edculo con el cuerpo de Aguirre en el interior, indic\u00f3 el fiscal. El Dr. Rodr\u00edguez dijo que luego llam\u00f3 a su amiga, J\u00e9sica Morales, para que lo fuera a buscar, pedido que la mujer realiz\u00f3 en una moto.<\/p>\n<p>Tras regresar a la localidad, ingresaron juntos interior a la vivienda ubicada en calle Col\u00f3n al 2.047 -donde habr\u00eda sucedido el crimen-, y entre los dos procedieron a destruir evidencia mediante la limpieza de toda la casa, a\u00f1adi\u00f3, prosiguiendo con la l\u00ednea de tiempo.<\/p>\n<p>El representante del MPA confirm\u00f3 que esa morada se recolectaron \u201cmanchas de sangre los elementos utilizados para la limpieza, un balde, un lampazo y un trapo de pizo\u201d.<\/p>\n<p>En cuanto a Morales, de 32 a\u00f1os, la acus\u00f3 porque sin haber participado del evento principal en que se produjo la muerte de Daniel Aguirre y a pesar de saber del crimen, &#8220;ayud\u00f3 a ocultar, alterar y des Y aparecer pruebas o instrumentos del delito&#8221;.<\/p>\n<p><strong>Contradicciones<\/strong><\/p>\n<p>El fiscal agreg\u00f3 que cuando la polic\u00eda lleg\u00f3 a la casa de Franco, el mec\u00e1nico cont\u00f3 que en la ma\u00f1ana se hab\u00eda visto con Aguirre, y tambi\u00e9n que estuvo con la mujer Morales. Eso motiv\u00f3 que la polic\u00eda la entrevistara y que surgieran algunas contradicciones en relaci\u00f3n con sus dichos y los del presunto asesino.<\/p>\n<p>M\u00e1s adelante, el acusador cit\u00f3 la declaraci\u00f3n de Franco en sede policial, en la manifest\u00f3 ser el asesino y haber tirado el cuchillo que utiliz\u00f3 para la realizaci\u00f3n del hecho en la zona rural.<\/p>\n<p>Ya en el final, encuadr\u00f3 su accionar en la figuras penales de homicido en concurso real con da\u00f1o, mientras a que sun compa\u00f1era le encaus\u00f3 por encubrimiento.<\/p>\n<p>A pesar del reclamo del abogado defensor del principal sospechoso de \u201cnulificar la declaraci\u00f3n en sede policial\u201d debido a que el nuevo sistema penal no permite ese tipo de medidas, el juez Gustavo Gon -que presidi\u00f3 las audiencias- resolvi\u00f3 dejar firme esa testimonial.<\/p>\n<p>El imputado hizo uso de su derecho de declarar y expres\u00f3: \u201cYo solo quer\u00eda decirle a los padres que no esto no era por una mina ni nada, quer\u00eda desmentir eso, y que sepan que yo no fui\u201d.<\/p>\n<p>En una audiencia sucesiva, por acuerdo entre fiscal\u00eda y defensa, se le dict\u00f3 al principal y \u00fanico acusado del asesinato a pu\u00f1aladas del polic\u00eda Aguirre prisi\u00f3n preventiva sin plazos. Mientras que por pedido de la defensa p\u00fablica, la audiencia de medida cautelar de Morales pas\u00f3 para el viernes.<\/p>\n<p><strong>M\u00e1xima tensi\u00f3n<\/strong><\/p>\n<p>Una vez concluidas las audiencias, en la calle, frente a la sede Tribunales, se vivieron momentos de tensi\u00f3n. Fue cuando el acusado del atroz hecho de sangre debi\u00f3 abandonar el edificio para ser trasladado a la alcaid\u00eda fuertemente custodiado por la polic\u00eda.<\/p>\n<p>\u201cAsesino, asesino\u201d, lo increp\u00f3 el grupo de familiares y allegados de la v\u00edctima, que luego gir\u00f3 hacia el oeste para reclamarles a los defensores de Franco \u201cpor qu\u00e9 defienden asesinos\u201d.<\/p>\n<p>Fue la madre de \u201cAndresito\u201d Aguirre quien se sobrepuso a la situaci\u00f3n y pidi\u00f3 calma y no insultar a nadie, y volvi\u00f3 a formular el pedido de justicia: \u201cSi el cuerpo de mi hijo no se quem\u00f3 adentro del auto es porque hay un Dios arriba, queremos que los que sepan algo se acerquen a la comisar\u00eda, vamos a hacer justicia por mi hijo para aliviar este dolor que llevamos\u201d, pronunci\u00f3, quebrada por el dolor.<\/p>\n","protected":false},"excerpt":{"rendered":"<p>En una jornada de extrema tensi\u00f3n en los Tribunales de Vera, el fiscal Alejandro Rodr\u00edguez imput\u00f3 a Alexis Franco por el sangriento asesinato del polic\u00eda vial Ariel Andr\u00e9s Aguirre. En una audiencia que debi\u00f3 pasar de la sala habitual a la una m\u00e1s grande por la cantidad de familaires y medios de comunicaci\u00f3n presentes, el [&hellip;]<\/p>\n","protected":false},"author":3,"featured_media":47198,"comment_status":"closed","ping_status":"closed","sticky":false,"template":"","format":"standard","meta":{"_joinchat":[],"footnotes":""},"categories":[53],"tags":[],"class_list":{"0":"post-47197","1":"post","2":"type-post","3":"status-publish","4":"format-standard","5":"has-post-thumbnail","7":"category-vera"},"_links":{"self":[{"href":"https:\/\/infovera.com.ar\/web\/wp-json\/wp\/v2\/posts\/47197","targetHints":{"allow":["GET"]}}],"collection":[{"href":"https:\/\/infovera.com.ar\/web\/wp-json\/wp\/v2\/posts"}],"about":[{"href":"https:\/\/infovera.com.ar\/web\/wp-json\/wp\/v2\/types\/post"}],"author":[{"embeddable":true,"href":"https:\/\/infovera.com.ar\/web\/wp-json\/wp\/v2\/users\/3"}],"replies":[{"embeddable":true,"href":"https:\/\/infovera.com.ar\/web\/wp-json\/wp\/v2\/comments?post=47197"}],"version-history":[{"count":0,"href":"https:\/\/infovera.com.ar\/web\/wp-json\/wp\/v2\/posts\/47197\/revisions"}],"wp:featuredmedia":[{"embeddable":true,"href":"https:\/\/infovera.com.ar\/web\/wp-json\/wp\/v2\/media\/47198"}],"wp:attachment":[{"href":"https:\/\/infovera.com.ar\/web\/wp-json\/wp\/v2\/media?parent=47197"}],"wp:term":[{"taxonomy":"category","embeddable":true,"href":"https:\/\/infovera.com.ar\/web\/wp-json\/wp\/v2\/categories?post=47197"},{"taxonomy":"post_tag","embeddable":true,"href":"https:\/\/infovera.com.ar\/web\/wp-json\/wp\/v2\/tags?post=47197"}],"curies":[{"name":"wp","href":"https:\/\/api.w.org\/{rel}","templated":true}]}}