{"id":47057,"date":"2023-09-27T14:07:02","date_gmt":"2023-09-27T17:07:02","guid":{"rendered":"https:\/\/infovera.com.ar\/web\/?p=47057"},"modified":"2023-09-27T14:07:02","modified_gmt":"2023-09-27T17:07:02","slug":"santa-fe-presente-en-los-juegos-culturales-evita-2023","status":"publish","type":"post","link":"https:\/\/infovera.com.ar\/web\/2023\/09\/27\/santa-fe-presente-en-los-juegos-culturales-evita-2023\/","title":{"rendered":"Santa Fe presente en los Juegos Culturales Evita 2023"},"content":{"rendered":"<p>El Ministerio de Cultura de la provincia de Santa Fe junto a Cultura de la Naci\u00f3n, participa con la Delegaci\u00f3n Juvenil del \u201cEncuentro Nacional Juegos Culturales Evita 2023\u201d. Los mismos se est\u00e1n desarrollando en Mar del Plata del 25 al 30 de septiembre.<\/p>\n<p>El acto inaugural, que sum\u00f3 m\u00e1s de 25 mil j\u00f3venes de todo el pa\u00eds, estuvo encabezado por los ministros de Cultura nacional, Trist\u00e1n Bauer, y de Turismo y Deportes, Mat\u00edas Lammens, el secretario de Gesti\u00f3n Cultural de Federico Prieto; la directora nacional de Diversidad y Cultura Comunitaria, Laura Bianchi, y el coordinador de los Juegos Culturales, Ezequiel Gerez.<\/p>\n<p>Desde la cartera de Cultura de Santa Fe se brind\u00f3 todo el apoyo e impulso a los j\u00f3venes santafesinos, que se encuentran atravesando esta experiencia de aprendizaje \u00fanica que brinda la participaci\u00f3n en estos juegos. \u201cLo que estos j\u00f3venes santafesinos est\u00e1n experimentado en estos d\u00edas son jornadas intensas de desarrollo personal y grupal, m\u00e1s todo lo nuevo por conocer. Son verdaderos artistas, de entre 12 y 18 a\u00f1os, de 16 localidades de la provincia que conforman esta delegaci\u00f3n que nos enorgullece acompa\u00f1ar\u201d, expresa con emoci\u00f3n y convicci\u00f3n Patricia Cardozo, una de las responsables de la coordinaci\u00f3n del equipo de trabajo que se encuentra en Mar del Plata.<\/p>\n<p>De la misma forma, en la ciudad costera se encuentran trabajando en la organizaci\u00f3n, Melisa Guerrero y la directora de la Delegaci\u00f3n Santafesina de Danza, Alejandra Bustos. El Encuentro Nacional consiste en jornadas de talleres de capacitaci\u00f3n para todas las disciplinas, esc\u00e9nicas, literarias, audiovisual, entre otras, que se desarrollan en cinco teatros diferentes de la ciudad de Mar del Plata. Todas las tardes cierran con muestras en los escenarios de la Plaza Almirante Brown y del Teatro Auditorium.<\/p>\n<p>La Delegaci\u00f3n santafesina est\u00e1 integrada por 29 j\u00f3venes, de los cuales se presentaron en escena \u201cRuta 1\u201d (conjunto musical de la ciudad de Santa Fe), Juliana Fontana en Canto Solista (de la ciudad de JB Molina), In\u00e9s Sodero de Sunchales e Ignacio Alemani de Eusebia en Danza Individual, en Danza Pareja Mateo Gelmeti y Camila Frutos de Recreo y Santo Tom\u00e9, el Teatro Unipersonal PCD, Ernestina Peralta de Calchaqu\u00ed, el Teatro Grupal, y Mar\u00eda y Estrella Barberis junto a Juan Diego Rodr\u00edguez de la localidad de G\u00e1lvez.<\/p>\n<p><strong>LOS JUEGOS<\/strong><br \/>\nSobre los Juegos Culturales Evita Los\u00a0Juegos Culturales Evita son un programa del Ministerio de Cultura de la Naci\u00f3n en articulaci\u00f3n con los gobiernos provinciales, a trav\u00e9s de la Direcci\u00f3n Nacional de Diversidad y Cultura Comunitaria de la Secretar\u00eda de Gesti\u00f3n Cultural.<\/p>\n<p>El objetivo es promover el trabajo colectivo a trav\u00e9s del arte y la cultura, aportando desde la diversidad y la inclusi\u00f3n a la construcci\u00f3n de la identidad cultural de nuestro pa\u00eds; tambi\u00e9n se busca profundizar el trabajo creativo, la autonom\u00eda, la imaginaci\u00f3n, la conciencia social, y contribuir a la construcci\u00f3n de una democracia participativa y solidaria.<\/p>\n<p>Los juegos Culturales Evita se desarrollan de manera ininterrumpida desde el an\u0303o 2006, en articulaci\u00f3n con el Ministerio de Turismo y Deportes de la Naci\u00f3n, siguiendo a los tradicionales Juegos Nacionales Evita, que comenzaron a implementarse en el a\u00f1o 1948.<\/p>\n<p>Representan una articulaci\u00f3n consolidada entre poli\u0301ticas pu\u0301blicas culturales de alcance federal, e implementacio\u0301n descentralizada, para la participacio\u0301n de nin\u0303os, nin\u0303as, jo\u0301venes, adolescentes y tambi\u00e9n personas mayores, en todo el territorio nacional. En este sentido, cada una de las provincias organiza con autonomi\u0301a los Juegos Culturales a nivel local o regional, pero en colaboracio\u0301n permanente con el Ministerio de Cultura de la Nacio\u0301n, a trav\u00e9s de la Direcci\u00f3n Nacional de Diversidad y Cultura Comunitaria de la Secretar\u00eda de Gesti\u00f3n Cultural. El principal objetivo es promover la participaci\u00f3n y fomentar las identidades locales para, por medio de las expresiones culturales, fortalecer la inclusi\u00f3n social y el trabajo en equipo en \u00e1mbitos respetuosos y solidarios.<\/p>\n","protected":false},"excerpt":{"rendered":"<p>El Ministerio de Cultura de la provincia de Santa Fe junto a Cultura de la Naci\u00f3n, participa con la Delegaci\u00f3n Juvenil del \u201cEncuentro Nacional Juegos Culturales Evita 2023\u201d. Los mismos se est\u00e1n desarrollando en Mar del Plata del 25 al 30 de septiembre. El acto inaugural, que sum\u00f3 m\u00e1s de 25 mil j\u00f3venes de todo [&hellip;]<\/p>\n","protected":false},"author":3,"featured_media":47058,"comment_status":"closed","ping_status":"closed","sticky":false,"template":"","format":"standard","meta":{"_joinchat":[],"footnotes":""},"categories":[60],"tags":[],"class_list":{"0":"post-47057","1":"post","2":"type-post","3":"status-publish","4":"format-standard","5":"has-post-thumbnail","7":"category-provinciales"},"_links":{"self":[{"href":"https:\/\/infovera.com.ar\/web\/wp-json\/wp\/v2\/posts\/47057","targetHints":{"allow":["GET"]}}],"collection":[{"href":"https:\/\/infovera.com.ar\/web\/wp-json\/wp\/v2\/posts"}],"about":[{"href":"https:\/\/infovera.com.ar\/web\/wp-json\/wp\/v2\/types\/post"}],"author":[{"embeddable":true,"href":"https:\/\/infovera.com.ar\/web\/wp-json\/wp\/v2\/users\/3"}],"replies":[{"embeddable":true,"href":"https:\/\/infovera.com.ar\/web\/wp-json\/wp\/v2\/comments?post=47057"}],"version-history":[{"count":0,"href":"https:\/\/infovera.com.ar\/web\/wp-json\/wp\/v2\/posts\/47057\/revisions"}],"wp:featuredmedia":[{"embeddable":true,"href":"https:\/\/infovera.com.ar\/web\/wp-json\/wp\/v2\/media\/47058"}],"wp:attachment":[{"href":"https:\/\/infovera.com.ar\/web\/wp-json\/wp\/v2\/media?parent=47057"}],"wp:term":[{"taxonomy":"category","embeddable":true,"href":"https:\/\/infovera.com.ar\/web\/wp-json\/wp\/v2\/categories?post=47057"},{"taxonomy":"post_tag","embeddable":true,"href":"https:\/\/infovera.com.ar\/web\/wp-json\/wp\/v2\/tags?post=47057"}],"curies":[{"name":"wp","href":"https:\/\/api.w.org\/{rel}","templated":true}]}}