{"id":46970,"date":"2023-09-21T08:31:27","date_gmt":"2023-09-21T11:31:27","guid":{"rendered":"https:\/\/infovera.com.ar\/web\/?p=46970"},"modified":"2023-09-21T20:32:48","modified_gmt":"2023-09-21T23:32:48","slug":"investigan-el-incendio-de-una-camioneta-en-vera","status":"publish","type":"post","link":"https:\/\/infovera.com.ar\/web\/2023\/09\/21\/investigan-el-incendio-de-una-camioneta-en-vera\/","title":{"rendered":"Investigan el incendio de una camioneta en Vera"},"content":{"rendered":"<p>A las 5, efectivos de la Comisar\u00eda Primera acudieron a calle Allende Lezama s\/n donde se incendiaba un veh\u00edculo.<\/p>\n<p>All\u00ed, una mujer de 41 a\u00f1os dio cuenta su camioneta Toyota, de color gris y sin dominio visible, se incendi\u00f3, desconociendo origen del siniestro.<\/p>\n<p>Solo se registraron da\u00f1os materiales.<\/p>\n<p>Los polic\u00edas emitieron notas correspondientes a Bomberos, Agrupaci\u00f3n Cuerpo y A.I.C.Vera, solicitando colaboraci\u00f3n a los fines de determinar la causa del mismo.<\/p>\n","protected":false},"excerpt":{"rendered":"<p>A las 5, efectivos de la Comisar\u00eda Primera acudieron a calle Allende Lezama s\/n donde se incendiaba un veh\u00edculo. All\u00ed, una mujer de 41 a\u00f1os dio cuenta su camioneta Toyota, de color gris y sin dominio visible, se incendi\u00f3, desconociendo origen del siniestro. Solo se registraron da\u00f1os materiales. Los polic\u00edas emitieron notas correspondientes a Bomberos, [&hellip;]<\/p>\n","protected":false},"author":3,"featured_media":46971,"comment_status":"closed","ping_status":"closed","sticky":false,"template":"","format":"standard","meta":{"_joinchat":[],"footnotes":""},"categories":[30,53],"tags":[],"class_list":{"0":"post-46970","1":"post","2":"type-post","3":"status-publish","4":"format-standard","5":"has-post-thumbnail","7":"category-policiales","8":"category-vera"},"_links":{"self":[{"href":"https:\/\/infovera.com.ar\/web\/wp-json\/wp\/v2\/posts\/46970","targetHints":{"allow":["GET"]}}],"collection":[{"href":"https:\/\/infovera.com.ar\/web\/wp-json\/wp\/v2\/posts"}],"about":[{"href":"https:\/\/infovera.com.ar\/web\/wp-json\/wp\/v2\/types\/post"}],"author":[{"embeddable":true,"href":"https:\/\/infovera.com.ar\/web\/wp-json\/wp\/v2\/users\/3"}],"replies":[{"embeddable":true,"href":"https:\/\/infovera.com.ar\/web\/wp-json\/wp\/v2\/comments?post=46970"}],"version-history":[{"count":0,"href":"https:\/\/infovera.com.ar\/web\/wp-json\/wp\/v2\/posts\/46970\/revisions"}],"wp:featuredmedia":[{"embeddable":true,"href":"https:\/\/infovera.com.ar\/web\/wp-json\/wp\/v2\/media\/46971"}],"wp:attachment":[{"href":"https:\/\/infovera.com.ar\/web\/wp-json\/wp\/v2\/media?parent=46970"}],"wp:term":[{"taxonomy":"category","embeddable":true,"href":"https:\/\/infovera.com.ar\/web\/wp-json\/wp\/v2\/categories?post=46970"},{"taxonomy":"post_tag","embeddable":true,"href":"https:\/\/infovera.com.ar\/web\/wp-json\/wp\/v2\/tags?post=46970"}],"curies":[{"name":"wp","href":"https:\/\/api.w.org\/{rel}","templated":true}]}}