{"id":46949,"date":"2023-09-20T13:07:32","date_gmt":"2023-09-20T16:07:32","guid":{"rendered":"https:\/\/infovera.com.ar\/web\/?p=46949"},"modified":"2023-09-20T13:07:32","modified_gmt":"2023-09-20T16:07:32","slug":"vicentin-quiebra-fuertes-criticas-al-juez-lorenzini-de-entidades-nortenas","status":"publish","type":"post","link":"https:\/\/infovera.com.ar\/web\/2023\/09\/20\/vicentin-quiebra-fuertes-criticas-al-juez-lorenzini-de-entidades-nortenas\/","title":{"rendered":"&#8220;Vicentin quiebra&#8221;: fuertes cr\u00edticas al juez Lorenzini de entidades norte\u00f1as"},"content":{"rendered":"<p>Con los tapones de punta salieron, en la ma\u00f1ana de este mi\u00e9rcoles, las entidades productivas nucleadas en el Consejo Regional Econ\u00f3mico del Norte Santafesino (Corenosa) contra del juez civil y comercial Fabi\u00e1n Lorenzini.<\/p>\n<p>\u201cEl viernes al mediod\u00eda, de manera inesperada e intempestiva, el juez Lorenzini sorprendi\u00f3 con una resoluci\u00f3n del Concurso Vicentin realmente ins\u00f3lita\u201d, fustigaron a trav\u00e9s de un comunicado con fuertes cr\u00edticas a la decisi\u00f3n del magistrado.<\/p>\n<p>Tras definirse con defensoras de la producci\u00f3n y el trabajo en el norte, alertaron por el \u201cpeligro\u201d que conlleva el fallo judicial alumbrado el pasado viernes, al que amonestaron por contradictorio, sin dejar de se\u00f1alar la \u201cirresponsabilidad e incapacidad del juez\u201d.<\/p>\n<p>En sus argumentos, pusieron el foco en que Lorenzini rechaz\u00f3 no solo las impugnaciones al acuerdo presentadas por 5 acreedores (cuatro del Estado y un privado, que representan el 13 % del pasivo), sino &#8220;tambi\u00e9n la homologaci\u00f3n de la propuesta aceptada por m\u00e1s de 1.000 acreedores (63 % de las c\u00e1pitas y 73 % del capital).<\/p>\n<p>Y le endilgaron, a modo de reclamo, que luego y como corolario \u201cabre un proceso de \u2018cramdown\u2019, que adem\u00e1s de alargar en m\u00e1s de un a\u00f1o el derecho de los acreedores a recuperar parcialmente sus cr\u00e9ditos, coloca a la sociedad y a las miles de familias que trabajan directa o indirectamente en Vicentin peligrosamente cerca de una quiebra\u201d.<\/p>\n<p><strong>Horizonte<\/strong><\/p>\n<p>Ese horizonte de quebranto podr\u00eda precipitarse por una serie de cuestiones, alertaron las fuerzas productivas que conforman Corenosa, y las enumeraron.<\/p>\n<p>En primer lugar, indicaron que \u201csi no se inscriben interesados comprando el pliego y poniendo los U$S 100 mil, Vicentin quiebra autom\u00e1ticamente\u201d, en tanto que en segundo t\u00e9rmino situaron que \u201cdurante el a\u00f1o largo que dure este proceso, la sociedad tiene que vivir, habiendo probablemente perdido el apoyo de los interesados estrat\u00e9gicos; Vicentin quiebra cuando se agote su caja\u201d.<\/p>\n<p>Adem\u00e1s, describieron que la semana anterior Vicentin hab\u00eda presentado en distintos fueros judiciales medidas cautelares para detener los \u201cinjustos embates\u201d de Afip y BCRA, las cuales \u201csi no son r\u00e1pidamente concedidas Vicentin quiebra\u201d.<\/p>\n<p>En el cuarto \u00edtem, subrayaron que los \u201cinteresados estrat\u00e9gicos inyectaban en la compa\u00f1\u00eda m\u00e1s de U$S 800 millones pese a la sequ\u00eda, pese a la situaci\u00f3n pol\u00edtica, pese a los embates de todo tipo sufridos por el Concurso Vicentin\u201d.<\/p>\n<p>Con may\u00fasculas de alarma, advirtieron que \u201csi algo parecido no se consigue luego del a\u00f1o de tramitaci\u00f3n, Vicentin quiebra\u201d, y volvieron a apuntar contra el juez que que \u201cel mismo d\u00eda rechaz\u00f3 un acuerdo de cobro de la deuda de Friar que ayudar\u00eda a la caja exigua de Vicentin, oblig\u00e1ndolo a recurrir a un proceso judicial de largo y dudoso resultado para el cobro de su deuda\u201d.<\/p>\n<p>\u201cFrente a tantos riesgos, Corenosa busca explicaciones que no se encuentran en la resoluci\u00f3n judicial\u201d, concluyeron.<\/p>\n<p><strong>Protesta<\/strong><\/p>\n<p>Durante la ma\u00f1ana del martes, un grupo de empleados de Vicentin se manifest\u00f3 frente a la sede administrativa de la empresa en Avellaneda bajo la consigna \u201cno al cierre\u201d, y luego en caravana -unos 60 veh\u00edculos- marcharon por la Ruta 11 hasta edificio de Tribunales de Reconquista para mostrar la disconformidad con resoluci\u00f3n judicial del Dr. Lorenzini.<\/p>\n","protected":false},"excerpt":{"rendered":"<p>Con los tapones de punta salieron, en la ma\u00f1ana de este mi\u00e9rcoles, las entidades productivas nucleadas en el Consejo Regional Econ\u00f3mico del Norte Santafesino (Corenosa) contra del juez civil y comercial Fabi\u00e1n Lorenzini. \u201cEl viernes al mediod\u00eda, de manera inesperada e intempestiva, el juez Lorenzini sorprendi\u00f3 con una resoluci\u00f3n del Concurso Vicentin realmente ins\u00f3lita\u201d, fustigaron [&hellip;]<\/p>\n","protected":false},"author":3,"featured_media":6688,"comment_status":"closed","ping_status":"closed","sticky":false,"template":"","format":"standard","meta":{"_joinchat":[],"footnotes":""},"categories":[55,61],"tags":[],"class_list":{"0":"post-46949","1":"post","2":"type-post","3":"status-publish","4":"format-standard","5":"has-post-thumbnail","7":"category-reconquista","8":"category-regionales"},"_links":{"self":[{"href":"https:\/\/infovera.com.ar\/web\/wp-json\/wp\/v2\/posts\/46949","targetHints":{"allow":["GET"]}}],"collection":[{"href":"https:\/\/infovera.com.ar\/web\/wp-json\/wp\/v2\/posts"}],"about":[{"href":"https:\/\/infovera.com.ar\/web\/wp-json\/wp\/v2\/types\/post"}],"author":[{"embeddable":true,"href":"https:\/\/infovera.com.ar\/web\/wp-json\/wp\/v2\/users\/3"}],"replies":[{"embeddable":true,"href":"https:\/\/infovera.com.ar\/web\/wp-json\/wp\/v2\/comments?post=46949"}],"version-history":[{"count":0,"href":"https:\/\/infovera.com.ar\/web\/wp-json\/wp\/v2\/posts\/46949\/revisions"}],"wp:featuredmedia":[{"embeddable":true,"href":"https:\/\/infovera.com.ar\/web\/wp-json\/wp\/v2\/media\/6688"}],"wp:attachment":[{"href":"https:\/\/infovera.com.ar\/web\/wp-json\/wp\/v2\/media?parent=46949"}],"wp:term":[{"taxonomy":"category","embeddable":true,"href":"https:\/\/infovera.com.ar\/web\/wp-json\/wp\/v2\/categories?post=46949"},{"taxonomy":"post_tag","embeddable":true,"href":"https:\/\/infovera.com.ar\/web\/wp-json\/wp\/v2\/tags?post=46949"}],"curies":[{"name":"wp","href":"https:\/\/api.w.org\/{rel}","templated":true}]}}