{"id":46936,"date":"2023-09-19T20:00:06","date_gmt":"2023-09-19T23:00:06","guid":{"rendered":"https:\/\/infovera.com.ar\/web\/?p=46936"},"modified":"2023-09-19T20:00:06","modified_gmt":"2023-09-19T23:00:06","slug":"se-realizo-la-primera-reunion-de-transicion-del-gobierno-provincial","status":"publish","type":"post","link":"https:\/\/infovera.com.ar\/web\/2023\/09\/19\/se-realizo-la-primera-reunion-de-transicion-del-gobierno-provincial\/","title":{"rendered":"Se realiz\u00f3 la primera reuni\u00f3n de transici\u00f3n del gobierno provincial"},"content":{"rendered":"<p>Los ministros de Gesti\u00f3n P\u00fablica, Marcos Corach, y de Trabajo y Seguridad Social, Juan Manuel Pusineri, junto con el senador por el departamento Castellanos, Alcides Calvo, encabezaron este martes la primera reuni\u00f3n de transici\u00f3n entre los representantes del gobernador Omar Perotti y su sucesor Maximiliano Pullaro.<\/p>\n<p>&nbsp;<\/p>\n<p>Durante el encuentro, llevado a cabo en Casa de Gobierno, participaron tambi\u00e9n los senadores por los departamentos San Crist\u00f3bal, Felipe Michlig; y General L\u00f3pez, Lisandro Enrico; junto con el secretario legislativo de la C\u00e1mara de Diputados, Gustavo Puccini.<\/p>\n<p>&nbsp;<\/p>\n<p>Luego del encuentro, Corach sostuvo que \u201cestamos todos muy satisfechos, tuvimos una buena reuni\u00f3n, viendo los t\u00e9rminos de este proceso que iniciamos\u201d; y precis\u00f3 que \u201cacordamos los t\u00e9rminos y la operatividad para poder ser efectivos y r\u00e1pidos a la hora proveer toda la informaci\u00f3n que nos han pedido. Nos hemos puesto a disposici\u00f3n\u201d.<\/p>\n<p>&nbsp;<\/p>\n<p>A continuaci\u00f3n, detall\u00f3 que esta operatividad \u201cb\u00e1sicamente tiene que ver con encontrar los interlocutores que cada uno mejor entienda para la materia que el gobierno entrante este necesitando. Vamos a acordar con cada uno de los ministros y ministras de la gesti\u00f3n que sepan que van a ser convocados o llamados por parte de los integrantes del equipo de transici\u00f3n del gobierno entrante para poder acordar la informaci\u00f3n que est\u00e9n necesitando\u201d.<\/p>\n<p>&nbsp;<\/p>\n<p>Por su parte, Enrico agradeci\u00f3 la recepci\u00f3n de las autoridades y detall\u00f3 que \u201ceste encuentro se inici\u00f3 con un llamado entre el gobernador actual Omar Perotti y el electo Maximiliano Pullaro. Esto es lo m\u00e1s importante de destacar: pasar de ser adversarios en una contienda electoral a poder estar sentados hablando en una transici\u00f3n ordenada y colaborativa\u201d.<\/p>\n<p>&nbsp;<\/p>\n<p>\u201cAhora viene una etapa para reunir equipos para hacer la transici\u00f3n en un contexto econ\u00f3mico cambiante\u201d, finaliz\u00f3 el senador.<\/p>\n<p>&nbsp;<\/p>\n<p>Por \u00faltimo, Michlig destac\u00f3 que \u201cesta convocatoria es saludable para la institucionalidad de la provincia, que nos interesa fortalecer; es ir hacia la madurez pol\u00edtica que necesitamos en la provincia de Santa Fe. Notamos una total predisposici\u00f3n de las autoridades actuales, y que quede claro que hasta el 10 de diciembre gobierna Omar Perotti, porque as\u00ed fue elegido\u201d, concluy\u00f3 el senador.<\/p>\n","protected":false},"excerpt":{"rendered":"<p>Los ministros de Gesti\u00f3n P\u00fablica, Marcos Corach, y de Trabajo y Seguridad Social, Juan Manuel Pusineri, junto con el senador por el departamento Castellanos, Alcides Calvo, encabezaron este martes la primera reuni\u00f3n de transici\u00f3n entre los representantes del gobernador Omar Perotti y su sucesor Maximiliano Pullaro. &nbsp; Durante el encuentro, llevado a cabo en Casa [&hellip;]<\/p>\n","protected":false},"author":3,"featured_media":46937,"comment_status":"closed","ping_status":"closed","sticky":false,"template":"","format":"standard","meta":{"_joinchat":[],"footnotes":""},"categories":[60],"tags":[],"class_list":{"0":"post-46936","1":"post","2":"type-post","3":"status-publish","4":"format-standard","5":"has-post-thumbnail","7":"category-provinciales"},"_links":{"self":[{"href":"https:\/\/infovera.com.ar\/web\/wp-json\/wp\/v2\/posts\/46936","targetHints":{"allow":["GET"]}}],"collection":[{"href":"https:\/\/infovera.com.ar\/web\/wp-json\/wp\/v2\/posts"}],"about":[{"href":"https:\/\/infovera.com.ar\/web\/wp-json\/wp\/v2\/types\/post"}],"author":[{"embeddable":true,"href":"https:\/\/infovera.com.ar\/web\/wp-json\/wp\/v2\/users\/3"}],"replies":[{"embeddable":true,"href":"https:\/\/infovera.com.ar\/web\/wp-json\/wp\/v2\/comments?post=46936"}],"version-history":[{"count":0,"href":"https:\/\/infovera.com.ar\/web\/wp-json\/wp\/v2\/posts\/46936\/revisions"}],"wp:featuredmedia":[{"embeddable":true,"href":"https:\/\/infovera.com.ar\/web\/wp-json\/wp\/v2\/media\/46937"}],"wp:attachment":[{"href":"https:\/\/infovera.com.ar\/web\/wp-json\/wp\/v2\/media?parent=46936"}],"wp:term":[{"taxonomy":"category","embeddable":true,"href":"https:\/\/infovera.com.ar\/web\/wp-json\/wp\/v2\/categories?post=46936"},{"taxonomy":"post_tag","embeddable":true,"href":"https:\/\/infovera.com.ar\/web\/wp-json\/wp\/v2\/tags?post=46936"}],"curies":[{"name":"wp","href":"https:\/\/api.w.org\/{rel}","templated":true}]}}