{"id":46903,"date":"2023-09-17T19:14:36","date_gmt":"2023-09-17T22:14:36","guid":{"rendered":"https:\/\/infovera.com.ar\/web\/?p=46903"},"modified":"2023-09-17T19:14:36","modified_gmt":"2023-09-17T22:14:36","slug":"vuelco-sin-lesionados-en-malabrigo","status":"publish","type":"post","link":"https:\/\/infovera.com.ar\/web\/2023\/09\/17\/vuelco-sin-lesionados-en-malabrigo\/","title":{"rendered":"Vuelco sin lesionados en Malabrigo"},"content":{"rendered":"<p>Tres j\u00f3venes que volv\u00edan a Reconquista volcaron en Malabrigo. Pese a la espectacularidad del accidente, los ocupantes del auto salieron ilesos. Hasta el lugar del hecho llegaron los Bomberos y personal policial.<\/p>\n<p>Ocurri\u00f3 en la Ruta Nacional N\u00b0 11, a la altura del kil\u00f3metro 757, en jurisdicci\u00f3n Malabrigo, el autom\u00f3vil Citro\u00ebn C4 de color gris oscuro, patente OIT 231, conducido por Al\u00e1n Gabriel Leiva, de 23 a\u00f1os, domiciliado en el barrio Las Ranas de Reconquista, despist\u00f3 y volc\u00f3 sin la intervenci\u00f3n de terceros, alrededor de las 07:22 horas del domingo 17 de septiembre de 2023.<\/p>\n<p>Leiva iba acompa\u00f1ado por Florencia Irina C\u00e1rdenas,\u00a0de 18 a\u00f1os; y\u00a0Kiara Bel\u00e9n Machuca, de 21 a\u00f1os; ambas con domicilio en el barrio Guadalupe de Reconquista.<\/p>\n<p>Intervinieron los Bomberos Voluntarios de Malabrigo y trasladaron a los tres j\u00f3venes al hospital local, donde los atendi\u00f3 el m\u00e9dico de turno y constat\u00f3 que no presentaban lesiones, ni ebriedad.<\/p>\n<p>Fuente: Norte24<\/p>\n","protected":false},"excerpt":{"rendered":"<p>Tres j\u00f3venes que volv\u00edan a Reconquista volcaron en Malabrigo. Pese a la espectacularidad del accidente, los ocupantes del auto salieron ilesos. Hasta el lugar del hecho llegaron los Bomberos y personal policial. Ocurri\u00f3 en la Ruta Nacional N\u00b0 11, a la altura del kil\u00f3metro 757, en jurisdicci\u00f3n Malabrigo, el autom\u00f3vil Citro\u00ebn C4 de color gris [&hellip;]<\/p>\n","protected":false},"author":3,"featured_media":46904,"comment_status":"closed","ping_status":"closed","sticky":false,"template":"","format":"standard","meta":{"_joinchat":[],"footnotes":""},"categories":[30,61],"tags":[],"class_list":{"0":"post-46903","1":"post","2":"type-post","3":"status-publish","4":"format-standard","5":"has-post-thumbnail","7":"category-policiales","8":"category-regionales"},"_links":{"self":[{"href":"https:\/\/infovera.com.ar\/web\/wp-json\/wp\/v2\/posts\/46903","targetHints":{"allow":["GET"]}}],"collection":[{"href":"https:\/\/infovera.com.ar\/web\/wp-json\/wp\/v2\/posts"}],"about":[{"href":"https:\/\/infovera.com.ar\/web\/wp-json\/wp\/v2\/types\/post"}],"author":[{"embeddable":true,"href":"https:\/\/infovera.com.ar\/web\/wp-json\/wp\/v2\/users\/3"}],"replies":[{"embeddable":true,"href":"https:\/\/infovera.com.ar\/web\/wp-json\/wp\/v2\/comments?post=46903"}],"version-history":[{"count":0,"href":"https:\/\/infovera.com.ar\/web\/wp-json\/wp\/v2\/posts\/46903\/revisions"}],"wp:featuredmedia":[{"embeddable":true,"href":"https:\/\/infovera.com.ar\/web\/wp-json\/wp\/v2\/media\/46904"}],"wp:attachment":[{"href":"https:\/\/infovera.com.ar\/web\/wp-json\/wp\/v2\/media?parent=46903"}],"wp:term":[{"taxonomy":"category","embeddable":true,"href":"https:\/\/infovera.com.ar\/web\/wp-json\/wp\/v2\/categories?post=46903"},{"taxonomy":"post_tag","embeddable":true,"href":"https:\/\/infovera.com.ar\/web\/wp-json\/wp\/v2\/tags?post=46903"}],"curies":[{"name":"wp","href":"https:\/\/api.w.org\/{rel}","templated":true}]}}