{"id":46900,"date":"2023-09-17T19:09:41","date_gmt":"2023-09-17T22:09:41","guid":{"rendered":"https:\/\/infovera.com.ar\/web\/?p=46900"},"modified":"2023-09-17T19:09:41","modified_gmt":"2023-09-17T22:09:41","slug":"la-dupla-baldoni-franchello-gano-el-rally-argentino-del-jaaukanigas","status":"publish","type":"post","link":"https:\/\/infovera.com.ar\/web\/2023\/09\/17\/la-dupla-baldoni-franchello-gano-el-rally-argentino-del-jaaukanigas\/","title":{"rendered":"La dupla Baldoni &#8211; Franchello gan\u00f3 el Rally Argentino del &#8220;Jaaukanig\u00e1s&#8221;"},"content":{"rendered":"<p>Estos son los ganadores del Rally del Jaaukanig\u00e1s 2023, organizado por la Municipalidad de Reconquista.<\/p>\n<p>\ud83c\udfc6RC2: Miguel Baldoni \/ Gustavo Franchello<br \/>\n\ud83c\udfc6RC2 Copa &#8220;Hector Letin Cancio&#8221;: Alejandro Men\u00e9ndez \/ Gonzalo D\u00edaz<br \/>\n\ud83c\udfc6RC-MR: Luis Arceluz \/ Ezequiel Queralt<br \/>\n\ud83c\udfc6RC3 Junior: Germ\u00e1n Galfrascoli \/ Daniel Sloog<br \/>\n\ud83c\udfc6RC4: Mart\u00edn Maisonnave \/ Federico Maisonnave<br \/>\n\ud83c\udfc6RC5: Mariano Preto \/ Juan Pablo Del Riego<br \/>\n\ud83c\udfc6Copa Senior: Ricardo Daparte \/ Emanuel Rozados<\/p>\n<p>Felicidades a todos \ud83c\udf8a \ud83c\udf7e<\/p>\n<p>Rally Argentino | Rally del Jaaukanig\u00e1s<\/p>\n","protected":false},"excerpt":{"rendered":"<p>Estos son los ganadores del Rally del Jaaukanig\u00e1s 2023, organizado por la Municipalidad de Reconquista. \ud83c\udfc6RC2: Miguel Baldoni \/ Gustavo Franchello \ud83c\udfc6RC2 Copa &#8220;Hector Letin Cancio&#8221;: Alejandro Men\u00e9ndez \/ Gonzalo D\u00edaz \ud83c\udfc6RC-MR: Luis Arceluz \/ Ezequiel Queralt \ud83c\udfc6RC3 Junior: Germ\u00e1n Galfrascoli \/ Daniel Sloog \ud83c\udfc6RC4: Mart\u00edn Maisonnave \/ Federico Maisonnave \ud83c\udfc6RC5: Mariano Preto \/ Juan [&hellip;]<\/p>\n","protected":false},"author":3,"featured_media":46901,"comment_status":"closed","ping_status":"closed","sticky":false,"template":"","format":"standard","meta":{"_joinchat":[],"footnotes":""},"categories":[32,31,55,61],"tags":[],"class_list":{"0":"post-46900","1":"post","2":"type-post","3":"status-publish","4":"format-standard","5":"has-post-thumbnail","7":"category-automovilismo","8":"category-deportes","9":"category-reconquista","10":"category-regionales"},"_links":{"self":[{"href":"https:\/\/infovera.com.ar\/web\/wp-json\/wp\/v2\/posts\/46900","targetHints":{"allow":["GET"]}}],"collection":[{"href":"https:\/\/infovera.com.ar\/web\/wp-json\/wp\/v2\/posts"}],"about":[{"href":"https:\/\/infovera.com.ar\/web\/wp-json\/wp\/v2\/types\/post"}],"author":[{"embeddable":true,"href":"https:\/\/infovera.com.ar\/web\/wp-json\/wp\/v2\/users\/3"}],"replies":[{"embeddable":true,"href":"https:\/\/infovera.com.ar\/web\/wp-json\/wp\/v2\/comments?post=46900"}],"version-history":[{"count":0,"href":"https:\/\/infovera.com.ar\/web\/wp-json\/wp\/v2\/posts\/46900\/revisions"}],"wp:featuredmedia":[{"embeddable":true,"href":"https:\/\/infovera.com.ar\/web\/wp-json\/wp\/v2\/media\/46901"}],"wp:attachment":[{"href":"https:\/\/infovera.com.ar\/web\/wp-json\/wp\/v2\/media?parent=46900"}],"wp:term":[{"taxonomy":"category","embeddable":true,"href":"https:\/\/infovera.com.ar\/web\/wp-json\/wp\/v2\/categories?post=46900"},{"taxonomy":"post_tag","embeddable":true,"href":"https:\/\/infovera.com.ar\/web\/wp-json\/wp\/v2\/tags?post=46900"}],"curies":[{"name":"wp","href":"https:\/\/api.w.org\/{rel}","templated":true}]}}