{"id":46843,"date":"2023-09-14T19:23:17","date_gmt":"2023-09-14T22:23:17","guid":{"rendered":"https:\/\/infovera.com.ar\/web\/?p=46843"},"modified":"2023-09-14T19:23:17","modified_gmt":"2023-09-14T22:23:17","slug":"el-juez-del-concurso-de-vicentin-rechazo-la-venta-de-friar","status":"publish","type":"post","link":"https:\/\/infovera.com.ar\/web\/2023\/09\/14\/el-juez-del-concurso-de-vicentin-rechazo-la-venta-de-friar\/","title":{"rendered":"El juez del concurso de Vicentin rechaz\u00f3 la venta de Friar"},"content":{"rendered":"<p>El abogado especialista en derecho corporativo, Lisandro Hadad, calific\u00f3 como &#8220;inexplicable&#8221; el &#8221; rechazo del juez concursal al acuerdo propuesto por Vicentin con la empresa Friar, conforme el cual esta se compromete a abonar U$S 13.000.000 en un plazo de 7 a\u00f1os&#8221;.<\/p>\n<p>&#8220;El acuerdo propuesto implica para Vicentin la consolidaci\u00f3n de un cr\u00e9dito hoy no consolidado, su afianzamiento en una moneda estable como el d\u00f3lar (hoy la deuda est\u00e1 compuesta tambi\u00e9n en pesos argentinos), y un flujo de fondos mensual de 125.000 d\u00f3lares a fin de hacer frente al pago de su concurso, garantizado adem\u00e1s con una hipoteca sobre el inmueble donde Friar S.A. posee su frigor\u00edfico en Nelson&#8221;, opin\u00f3 el especialista en derecho corporativo de la Universidad Nacional de Rosario.<\/p>\n<p>Al referir a la decisi\u00f3n de Lorenzini, se\u00f1ala que &#8220;funda su rechazo en la situaci\u00f3n cr\u00edtica de la &#8216;caja&#8217;, la insuficiencia de la tasa de inter\u00e9s pactada, y la falta de exploraci\u00f3n a una posible daci\u00f3n en pago de inmuebles por parte de Friar, como si ello fuera una decisi\u00f3n unilateral de Vicentin y en total contradicci\u00f3n con la situaci\u00f3n cr\u00edtica de la caja&#8221;.<\/p>\n<p>Tras cuestionar que Vicentin agravar\u00eda su situaci\u00f3n de caja si se la obliga a abonar US$390 mil en concepto de tasa de justicia, para un pleito que &#8220;puede llevar a\u00f1os&#8221;, Hadad advierte que despu\u00e9s de eso &#8220;el deudor puede presentar su concurso preventivo, postergando nuevamente el cobro y ahora tal vez, con quita y m\u00e1s espera. Para ello, es que Vicentin logr\u00f3 respaldar la deuda con una garant\u00eda hipotecaria protegiendo su cr\u00e9dito con un privilegio que ahora no tiene&#8221;.<\/p>\n<p>&#8220;El inicio de las acciones tendientes al recupero compulsivo de las cuentas por cobrar ordenado por la justicia concursal, ciertamente no es la mejor opci\u00f3n para mejorar la situaci\u00f3n cr\u00edtica de la &#8216;caja&#8217;; es m\u00e1s, es totalmente lo contrario&#8221;, expone.<\/p>\n<p>Tras se\u00f1alar que no se puede especular con la venta de un inmueble en un mercado deprimido y con la macroeconom\u00eda incierta del pa\u00eds, Hadad concluye que &#8220;judicializar la gesti\u00f3n empresaria puede acarrear consecuencias irreparables para la empresa que hay que evitar a fin de mantener las fuentes de trabajo&#8221;.<\/p>\n","protected":false},"excerpt":{"rendered":"<p>El abogado especialista en derecho corporativo, Lisandro Hadad, calific\u00f3 como &#8220;inexplicable&#8221; el &#8221; rechazo del juez concursal al acuerdo propuesto por Vicentin con la empresa Friar, conforme el cual esta se compromete a abonar U$S 13.000.000 en un plazo de 7 a\u00f1os&#8221;. &#8220;El acuerdo propuesto implica para Vicentin la consolidaci\u00f3n de un cr\u00e9dito hoy no [&hellip;]<\/p>\n","protected":false},"author":3,"featured_media":46844,"comment_status":"closed","ping_status":"closed","sticky":false,"template":"","format":"standard","meta":{"_joinchat":[],"footnotes":""},"categories":[55,61],"tags":[],"class_list":{"0":"post-46843","1":"post","2":"type-post","3":"status-publish","4":"format-standard","5":"has-post-thumbnail","7":"category-reconquista","8":"category-regionales"},"_links":{"self":[{"href":"https:\/\/infovera.com.ar\/web\/wp-json\/wp\/v2\/posts\/46843","targetHints":{"allow":["GET"]}}],"collection":[{"href":"https:\/\/infovera.com.ar\/web\/wp-json\/wp\/v2\/posts"}],"about":[{"href":"https:\/\/infovera.com.ar\/web\/wp-json\/wp\/v2\/types\/post"}],"author":[{"embeddable":true,"href":"https:\/\/infovera.com.ar\/web\/wp-json\/wp\/v2\/users\/3"}],"replies":[{"embeddable":true,"href":"https:\/\/infovera.com.ar\/web\/wp-json\/wp\/v2\/comments?post=46843"}],"version-history":[{"count":0,"href":"https:\/\/infovera.com.ar\/web\/wp-json\/wp\/v2\/posts\/46843\/revisions"}],"wp:featuredmedia":[{"embeddable":true,"href":"https:\/\/infovera.com.ar\/web\/wp-json\/wp\/v2\/media\/46844"}],"wp:attachment":[{"href":"https:\/\/infovera.com.ar\/web\/wp-json\/wp\/v2\/media?parent=46843"}],"wp:term":[{"taxonomy":"category","embeddable":true,"href":"https:\/\/infovera.com.ar\/web\/wp-json\/wp\/v2\/categories?post=46843"},{"taxonomy":"post_tag","embeddable":true,"href":"https:\/\/infovera.com.ar\/web\/wp-json\/wp\/v2\/tags?post=46843"}],"curies":[{"name":"wp","href":"https:\/\/api.w.org\/{rel}","templated":true}]}}