{"id":46840,"date":"2023-09-14T18:59:28","date_gmt":"2023-09-14T21:59:28","guid":{"rendered":"https:\/\/infovera.com.ar\/web\/?p=46840"},"modified":"2023-09-15T14:00:07","modified_gmt":"2023-09-15T17:00:07","slug":"libertad-con-restricciones-para-el-jefe-policial-investigado-por-sustraer-dinero-a-un-motociclista-fallecido","status":"publish","type":"post","link":"https:\/\/infovera.com.ar\/web\/2023\/09\/14\/libertad-con-restricciones-para-el-jefe-policial-investigado-por-sustraer-dinero-a-un-motociclista-fallecido\/","title":{"rendered":"Libertad con restricciones para el jefe policial investigado por sustraer\u00a0dinero a un motociclista fallecido"},"content":{"rendered":"<p>As\u00ed fue resuelto en una audiencia llevada a cabo esta ma\u00f1ana en los tribunales de Venado Tuerto, a pesar del pedido de prisi\u00f3n preventiva formulado por el fiscal Eduardo Lago. El imputado es el jefe de la Unidad Regional VIII, quien deber\u00e1 realizar una cauci\u00f3n real de 1.000.000 de pesos y cumplir reglas de conducta. El il\u00edcito ocurri\u00f3 a la altura del kil\u00f3metro 362,5 de la ruta nacional n\u00famero 8.<\/p>\n<p>Fracisco &#8220;Pancho&#8221; Fern\u00e1ndez, el jefe policial de 52 a\u00f1os al que ayer se le atribuy\u00f3 haberle sustra\u00eddo dinero a un motociclista fallecido en un accidente de tr\u00e1nsito en jurisdicci\u00f3n de Venado Tuerto, deber\u00e1 cumplir medidas cautelares no privativas de la libertad.<\/p>\n<p>En una audiencia realizada esta ma\u00f1ana en los tribunales venadenses, el juez Leandro Mart\u00edn le orden\u00f3 al imputado realizar una cauci\u00f3n real de 1.000.000 de pesos y cumplir reglas de conducta mientras dure el proceso judicial. No obstante, el magistrado advirti\u00f3 que el jefe policial continuar\u00e1 detenido hasta tanto se haga efectiva la cautela.<\/p>\n<p>El fiscal Eduardo Lago\u00a0est\u00e1 a cargo de la investigaci\u00f3n. \u201cEl juez consider\u00f3 que la evidencia reunida hasta el momento es suficiente para acreditar la materialidad del il\u00edcito y la probabilidad de que el jefe policial haya sido el autor -con el grado de certeza que demanda esta etapa procesal\u201d,\u00a0valor\u00f3 el funcionario del MPA.<\/p>\n<p>En tal sentido, Lago solicit\u00f3 la prisi\u00f3n preventiva del uniformado. Sin embargo, el fiscal explic\u00f3 que \u201cel magistrado no hizo lugar a nuestro pedido y fundament\u00f3 su decisi\u00f3n en que el m\u00ednimo de la pena en expectativa prevista para los delitos endilgados es de ejecuci\u00f3n condicional\u201d.<\/p>\n<p>\u201cPor otra parte,\u00a0el juez\u00a0contempl\u00f3 que el polic\u00eda no tiene antecedentes penales condenatorios\u00a0y destac\u00f3\u00a0que el accionar investigado tendr\u00e1 un evidente impacto negativo en la carrera policial del imputado\u201d,\u00a0se\u00f1al\u00f3 el fiscal.<\/p>\n<p><strong>Hecho il\u00edcito<\/strong><\/p>\n<p>Lago afirm\u00f3 que el hombre investigado \u2013actual jefe de la Unidad Regional VIII de la polic\u00eda de la provincia\u2013 llev\u00f3 a cabo su conducta il\u00edcita alrededor de las 21:30 del domingo pasado a la altura del kil\u00f3metro 362,5 de la ruta 8, en jurisdicci\u00f3n de Venado Tuerto.<\/p>\n<p>\u201cSustrajo una suma aproximada a los 400.000 pesos que ten\u00eda en su poder un motociclista que se cruz\u00f3 de carril, choc\u00f3 de frente con un automovilista\u00a0y falleci\u00f3 en el lugar\u201d, inform\u00f3 el funcionario del MPA.<\/p>\n<p>Asimismo,\u00a0relat\u00f3 que \u201cel imputado pasaba por el lugar\u00a0del siniestro vial, se detuvo y esgrimi\u00f3 su condici\u00f3n de jefe policial ante las personas que estaban\u00a0all\u00ed\u201d. En tal sentido, agreg\u00f3 que \u201cles tom\u00f3 los datos personales para eventualmente ser convocados como testigos\u00a0de lo ocurrido y\u00a0del secuestro del dinero que estaba en proximidad del hombre fallecido\u201d.<\/p>\n<p><strong>Delitos<\/strong><\/p>\n<p>El jefe policial es\u00a0investigado\u00a0como autor\u00a0de incumplimiento de los deberes de funcionario p\u00fablico, hurto calamitoso y peculado.<\/p>\n","protected":false},"excerpt":{"rendered":"<p>As\u00ed fue resuelto en una audiencia llevada a cabo esta ma\u00f1ana en los tribunales de Venado Tuerto, a pesar del pedido de prisi\u00f3n preventiva formulado por el fiscal Eduardo Lago. El imputado es el jefe de la Unidad Regional VIII, quien deber\u00e1 realizar una cauci\u00f3n real de 1.000.000 de pesos y cumplir reglas de conducta. [&hellip;]<\/p>\n","protected":false},"author":3,"featured_media":46841,"comment_status":"closed","ping_status":"closed","sticky":false,"template":"","format":"standard","meta":{"_joinchat":[],"footnotes":""},"categories":[30,60],"tags":[],"class_list":{"0":"post-46840","1":"post","2":"type-post","3":"status-publish","4":"format-standard","5":"has-post-thumbnail","7":"category-policiales","8":"category-provinciales"},"_links":{"self":[{"href":"https:\/\/infovera.com.ar\/web\/wp-json\/wp\/v2\/posts\/46840","targetHints":{"allow":["GET"]}}],"collection":[{"href":"https:\/\/infovera.com.ar\/web\/wp-json\/wp\/v2\/posts"}],"about":[{"href":"https:\/\/infovera.com.ar\/web\/wp-json\/wp\/v2\/types\/post"}],"author":[{"embeddable":true,"href":"https:\/\/infovera.com.ar\/web\/wp-json\/wp\/v2\/users\/3"}],"replies":[{"embeddable":true,"href":"https:\/\/infovera.com.ar\/web\/wp-json\/wp\/v2\/comments?post=46840"}],"version-history":[{"count":0,"href":"https:\/\/infovera.com.ar\/web\/wp-json\/wp\/v2\/posts\/46840\/revisions"}],"wp:featuredmedia":[{"embeddable":true,"href":"https:\/\/infovera.com.ar\/web\/wp-json\/wp\/v2\/media\/46841"}],"wp:attachment":[{"href":"https:\/\/infovera.com.ar\/web\/wp-json\/wp\/v2\/media?parent=46840"}],"wp:term":[{"taxonomy":"category","embeddable":true,"href":"https:\/\/infovera.com.ar\/web\/wp-json\/wp\/v2\/categories?post=46840"},{"taxonomy":"post_tag","embeddable":true,"href":"https:\/\/infovera.com.ar\/web\/wp-json\/wp\/v2\/tags?post=46840"}],"curies":[{"name":"wp","href":"https:\/\/api.w.org\/{rel}","templated":true}]}}