{"id":46778,"date":"2023-09-12T12:27:30","date_gmt":"2023-09-12T15:27:30","guid":{"rendered":"https:\/\/infovera.com.ar\/web\/?p=46778"},"modified":"2023-09-13T18:55:01","modified_gmt":"2023-09-13T21:55:01","slug":"tres-mayores-detenidos-y-un-menor-demorado-por-el-robo-en-una-casa-de-la-gallareta","status":"publish","type":"post","link":"https:\/\/infovera.com.ar\/web\/2023\/09\/12\/tres-mayores-detenidos-y-un-menor-demorado-por-el-robo-en-una-casa-de-la-gallareta\/","title":{"rendered":"Tres mayores detenidos y un menor demorado por el robo en una casa de La Gallareta"},"content":{"rendered":"<p>La causa qued\u00f3 caratulada como robo calificado con extracci\u00f3n, agravado con intervenci\u00f3n de menores.<\/p>\n<p>Efectivos de la Comisar\u00eda 5ta. de la Lallareta, siendo las 23:30 del lunes notaron movimientos y actitudes sospechosas de personas en una residencia ubicada en calle Bartolom\u00e9 Mitre s\/n.<\/p>\n<p>De inmediato, los funcionarios policiales intervinieron a los fines de impedir la acci\u00f3n contra la propiedad e individualizar a los sujetos, siendo dos mujeres de 36 y 30 a\u00f1os, un hombre de 45 a\u00f1os y una menor de edad, todos con domicilio en ese medio, quienes ocasionaron da\u00f1os en varias aberturas de la vivienda.<\/p>\n<p>Fueron aprehendidos los mayores y trasladado a la sede policial, y la menor fue entregada bajo la guarda y responsabilidad de un familiar.<\/p>\n<p>Asimismo, se procedi\u00f3 al secuestro preventivo en el lugar del hecho de los diferentes objetos: una mochila negra, pocillos de caf\u00e9 y vajillas de diferentes modelos y\/o usos, un cortahierro, un bolso de poliamida, un par de zapatillas y dos de mocasines, un cargador de notebook y una caja musica.<\/p>\n<p>Todos los elementos fueron reconocidos y restituidos a la damnificada en calidad de dep\u00f3sito judicial.<\/p>\n","protected":false},"excerpt":{"rendered":"<p>La causa qued\u00f3 caratulada como robo calificado con extracci\u00f3n, agravado con intervenci\u00f3n de menores. Efectivos de la Comisar\u00eda 5ta. de la Lallareta, siendo las 23:30 del lunes notaron movimientos y actitudes sospechosas de personas en una residencia ubicada en calle Bartolom\u00e9 Mitre s\/n. De inmediato, los funcionarios policiales intervinieron a los fines de impedir la [&hellip;]<\/p>\n","protected":false},"author":3,"featured_media":46779,"comment_status":"closed","ping_status":"closed","sticky":false,"template":"","format":"standard","meta":{"_joinchat":[],"footnotes":""},"categories":[51,30],"tags":[],"class_list":{"0":"post-46778","1":"post","2":"type-post","3":"status-publish","4":"format-standard","5":"has-post-thumbnail","7":"category-locales","8":"category-policiales"},"_links":{"self":[{"href":"https:\/\/infovera.com.ar\/web\/wp-json\/wp\/v2\/posts\/46778","targetHints":{"allow":["GET"]}}],"collection":[{"href":"https:\/\/infovera.com.ar\/web\/wp-json\/wp\/v2\/posts"}],"about":[{"href":"https:\/\/infovera.com.ar\/web\/wp-json\/wp\/v2\/types\/post"}],"author":[{"embeddable":true,"href":"https:\/\/infovera.com.ar\/web\/wp-json\/wp\/v2\/users\/3"}],"replies":[{"embeddable":true,"href":"https:\/\/infovera.com.ar\/web\/wp-json\/wp\/v2\/comments?post=46778"}],"version-history":[{"count":0,"href":"https:\/\/infovera.com.ar\/web\/wp-json\/wp\/v2\/posts\/46778\/revisions"}],"wp:featuredmedia":[{"embeddable":true,"href":"https:\/\/infovera.com.ar\/web\/wp-json\/wp\/v2\/media\/46779"}],"wp:attachment":[{"href":"https:\/\/infovera.com.ar\/web\/wp-json\/wp\/v2\/media?parent=46778"}],"wp:term":[{"taxonomy":"category","embeddable":true,"href":"https:\/\/infovera.com.ar\/web\/wp-json\/wp\/v2\/categories?post=46778"},{"taxonomy":"post_tag","embeddable":true,"href":"https:\/\/infovera.com.ar\/web\/wp-json\/wp\/v2\/tags?post=46778"}],"curies":[{"name":"wp","href":"https:\/\/api.w.org\/{rel}","templated":true}]}}