{"id":46766,"date":"2023-09-11T10:42:32","date_gmt":"2023-09-11T13:42:32","guid":{"rendered":"https:\/\/infovera.com.ar\/web\/?p=46766"},"modified":"2023-09-11T10:42:32","modified_gmt":"2023-09-11T13:42:32","slug":"roda-dio-vuelta-la-eleccion-de-las-paso-y-derroto-a-walter-villalba","status":"publish","type":"post","link":"https:\/\/infovera.com.ar\/web\/2023\/09\/11\/roda-dio-vuelta-la-eleccion-de-las-paso-y-derroto-a-walter-villalba\/","title":{"rendered":"Roda dio vuelta la elecci\u00f3n de las Paso y derrot\u00f3 a Walter Villalba"},"content":{"rendered":"<p>Fernando Roda, de Primero Santa Fe, fue reelecto con 545 votos (52,56 %), contra los 492 votos obtenidos por Walter Villalba (47,44 %), de Juntos Avancemos.<\/p>\n<p>En las Paso, Villalba hab\u00eda aventajado al actual presidente comunal. Pero, en esta ocasi\u00f3n, Roda pudo revertir los n\u00fameros negativos y accedi\u00f3 a un nuevo periodo al frente de la Comuna de Intiyaco.<\/p>\n","protected":false},"excerpt":{"rendered":"<p>Fernando Roda, de Primero Santa Fe, fue reelecto con 545 votos (52,56 %), contra los 492 votos obtenidos por Walter Villalba (47,44 %), de Juntos Avancemos. En las Paso, Villalba hab\u00eda aventajado al actual presidente comunal. Pero, en esta ocasi\u00f3n, Roda pudo revertir los n\u00fameros negativos y accedi\u00f3 a un nuevo periodo al frente de [&hellip;]<\/p>\n","protected":false},"author":3,"featured_media":46767,"comment_status":"closed","ping_status":"closed","sticky":false,"template":"","format":"standard","meta":{"_joinchat":[],"footnotes":""},"categories":[51],"tags":[],"class_list":{"0":"post-46766","1":"post","2":"type-post","3":"status-publish","4":"format-standard","5":"has-post-thumbnail","7":"category-locales"},"_links":{"self":[{"href":"https:\/\/infovera.com.ar\/web\/wp-json\/wp\/v2\/posts\/46766","targetHints":{"allow":["GET"]}}],"collection":[{"href":"https:\/\/infovera.com.ar\/web\/wp-json\/wp\/v2\/posts"}],"about":[{"href":"https:\/\/infovera.com.ar\/web\/wp-json\/wp\/v2\/types\/post"}],"author":[{"embeddable":true,"href":"https:\/\/infovera.com.ar\/web\/wp-json\/wp\/v2\/users\/3"}],"replies":[{"embeddable":true,"href":"https:\/\/infovera.com.ar\/web\/wp-json\/wp\/v2\/comments?post=46766"}],"version-history":[{"count":0,"href":"https:\/\/infovera.com.ar\/web\/wp-json\/wp\/v2\/posts\/46766\/revisions"}],"wp:featuredmedia":[{"embeddable":true,"href":"https:\/\/infovera.com.ar\/web\/wp-json\/wp\/v2\/media\/46767"}],"wp:attachment":[{"href":"https:\/\/infovera.com.ar\/web\/wp-json\/wp\/v2\/media?parent=46766"}],"wp:term":[{"taxonomy":"category","embeddable":true,"href":"https:\/\/infovera.com.ar\/web\/wp-json\/wp\/v2\/categories?post=46766"},{"taxonomy":"post_tag","embeddable":true,"href":"https:\/\/infovera.com.ar\/web\/wp-json\/wp\/v2\/tags?post=46766"}],"curies":[{"name":"wp","href":"https:\/\/api.w.org\/{rel}","templated":true}]}}