{"id":46758,"date":"2023-09-11T10:20:42","date_gmt":"2023-09-11T13:20:42","guid":{"rendered":"https:\/\/infovera.com.ar\/web\/?p=46758"},"modified":"2023-09-11T10:20:42","modified_gmt":"2023-09-11T13:20:42","slug":"cuello-volvio-a-reescribir-la-historia-al-lograr-la-cuarta-reeleccion-al-hilo","status":"publish","type":"post","link":"https:\/\/infovera.com.ar\/web\/2023\/09\/11\/cuello-volvio-a-reescribir-la-historia-al-lograr-la-cuarta-reeleccion-al-hilo\/","title":{"rendered":"Cuello volvi\u00f3 a reescribir la historia al lograr la cuarta reelecci\u00f3n al hilo"},"content":{"rendered":"<p>El intendente de Calchaqu\u00ed, Rub\u00e9n Cuello, volvi\u00f3 a a ganar la intendencia.<\/p>\n<p>El mandatario accedi\u00f3, con el triunfo, a su quinto mandato consecutivo en la Municipalidad de Calchaqu\u00ed.<\/p>\n<p>Con un resultado ajustado pudo salir victorioso frente a Juliana Caillat, de Juntos por Calchaqu\u00ed.<\/p>\n<p>Cuello fue votado por 3.788 electores, el 50,70 %; Caillat se ubic\u00f3 detr\u00e1s con 3.516 votos, el 47,06 %. La diferencia entre ambos fue de solo 262 votos.<\/p>\n<p>El reelecto intendente hizo historia y super\u00f3 su propio r\u00e9cord: sera el \u00fanico en gobernar la ciudad por 20 a\u00f1os.<\/p>\n<p>En la gesti\u00f3n en curso logr\u00f3 obras largamente anheladas para el distrito que gobierna, como la Terminal de \u00d3mnibus, el ripio del camino de acceso a El Cristal y dotar de m\u00e1s del 90 % de cloacas a la zona urbana. Tambi\u00e9n consigui\u00f3 el financiamiento para el proyecto de desag\u00fces pluviales por un monto cercano de los 2 mil millones de pesos.<\/p>\n<p>A la luz de esos datos, cuesta entender que su continuidad al frente de sill\u00f3n de Roque S\u00e1enz Pe\u00f1a 1.115 haya estado en peligro. Seguramente, deber\u00e1 replantear cuestiones pol\u00edticas y de equipos de trabajo. Si es que tiene intenciones de seguir reescribiendo la historia.<\/p>\n","protected":false},"excerpt":{"rendered":"<p>El intendente de Calchaqu\u00ed, Rub\u00e9n Cuello, volvi\u00f3 a a ganar la intendencia. El mandatario accedi\u00f3, con el triunfo, a su quinto mandato consecutivo en la Municipalidad de Calchaqu\u00ed. Con un resultado ajustado pudo salir victorioso frente a Juliana Caillat, de Juntos por Calchaqu\u00ed. Cuello fue votado por 3.788 electores, el 50,70 %; Caillat se ubic\u00f3 [&hellip;]<\/p>\n","protected":false},"author":3,"featured_media":46759,"comment_status":"closed","ping_status":"closed","sticky":false,"template":"","format":"standard","meta":{"_joinchat":[],"footnotes":""},"categories":[52],"tags":[],"class_list":{"0":"post-46758","1":"post","2":"type-post","3":"status-publish","4":"format-standard","5":"has-post-thumbnail","7":"category-calchaqui"},"_links":{"self":[{"href":"https:\/\/infovera.com.ar\/web\/wp-json\/wp\/v2\/posts\/46758","targetHints":{"allow":["GET"]}}],"collection":[{"href":"https:\/\/infovera.com.ar\/web\/wp-json\/wp\/v2\/posts"}],"about":[{"href":"https:\/\/infovera.com.ar\/web\/wp-json\/wp\/v2\/types\/post"}],"author":[{"embeddable":true,"href":"https:\/\/infovera.com.ar\/web\/wp-json\/wp\/v2\/users\/3"}],"replies":[{"embeddable":true,"href":"https:\/\/infovera.com.ar\/web\/wp-json\/wp\/v2\/comments?post=46758"}],"version-history":[{"count":0,"href":"https:\/\/infovera.com.ar\/web\/wp-json\/wp\/v2\/posts\/46758\/revisions"}],"wp:featuredmedia":[{"embeddable":true,"href":"https:\/\/infovera.com.ar\/web\/wp-json\/wp\/v2\/media\/46759"}],"wp:attachment":[{"href":"https:\/\/infovera.com.ar\/web\/wp-json\/wp\/v2\/media?parent=46758"}],"wp:term":[{"taxonomy":"category","embeddable":true,"href":"https:\/\/infovera.com.ar\/web\/wp-json\/wp\/v2\/categories?post=46758"},{"taxonomy":"post_tag","embeddable":true,"href":"https:\/\/infovera.com.ar\/web\/wp-json\/wp\/v2\/tags?post=46758"}],"curies":[{"name":"wp","href":"https:\/\/api.w.org\/{rel}","templated":true}]}}