{"id":46752,"date":"2023-09-11T09:13:20","date_gmt":"2023-09-11T12:13:20","guid":{"rendered":"https:\/\/infovera.com.ar\/web\/?p=46752"},"modified":"2023-09-12T12:41:15","modified_gmt":"2023-09-12T15:41:15","slug":"paula-mitre-vera-va-a-poder-seguir-en-el-camino-de-la-union-el-dialogo-y-los-consensos","status":"publish","type":"post","link":"https:\/\/infovera.com.ar\/web\/2023\/09\/11\/paula-mitre-vera-va-a-poder-seguir-en-el-camino-de-la-union-el-dialogo-y-los-consensos\/","title":{"rendered":"Paula Mitre: &#8220;Vera va a poder seguir en el camino de la uni\u00f3n, el di\u00e1logo y los consensos&#8221;"},"content":{"rendered":"<p>La intendente logr\u00f3 la reelecci\u00f3n con el 54,53 % de los votos.<\/p>\n<p>Paula Mitre (Unidos) conducir\u00e1 los destinos de Vera hasta 2027 despu\u00e9s de imponerse con claridad en la elecci\u00f3n general del domingo.<\/p>\n<p>La mandataria en funciones cosech\u00f3 6.617 votos y releg\u00f3 al segundo lugar a Javier Barbona, del vecinalista Sumemos Esfuerzos, que logr\u00f3 5.145 sufragios, el 42,40 %. En tercer lugar qued\u00f3 Nelvio Pretto, con\u00a0373 votos, el 3,07 %.<\/p>\n<p>En di\u00e1logo con<strong> InfoVera<\/strong>, Mitre celebr\u00f3 que &#8220;se ha vivido una fiesta de la democracia en un a\u00f1o muy significativo, donde se cumplen 40 a\u00f1os de la recuperaci\u00f3n de la democracia. Una jornada hermosa que transcurri\u00f3 en absoluta tranquilidad. Los vecinos han concurrido a votar, a expresarse y el resultado es el que hoy se puede estar visibilizando a trav\u00e9s del escrutinio, donde nosotros vamos a poder conducir los vecinos de nuestra ciudad por cuatro a\u00f1os m\u00e1s, donde incorporamos dos concejales al cuerpo legislativo&#8221;.<\/p>\n<p><iframe loading=\"lazy\" title=\"Paula Mitre fue reelecta con el 54 % de los votos\" width=\"696\" height=\"392\" src=\"https:\/\/www.youtube.com\/embed\/YxA9EPAELO0?feature=oembed\" frameborder=\"0\" allow=\"accelerometer; autoplay; clipboard-write; encrypted-media; gyroscope; picture-in-picture; web-share\" referrerpolicy=\"strict-origin-when-cross-origin\" allowfullscreen><\/iframe><\/p>\n<p>Paralelamente, felicit\u00f3 a todos los candidatos que han participado en todas las categor\u00edas por la cantidad de sufragios que han tenido. Y reitero mis respetos y mis felicitaciones a todos los candidatos que han participado en esta elecci\u00f3n, felicitarlo a Sergio &#8216;Chiqui&#8217; Rojas tambi\u00e9n&#8221;, por ser diputado electo.<\/p>\n<p>La intendente verense se mostr\u00f3 &#8220;muy contenta&#8221; por el triunfo de Pullaro para gobernador: &#8221; Eso nos emociona much\u00edsimo, nos da una esperanza muy grande, porque Vera va a poder seguir trabajando, o sea, seguir en este camino de la uni\u00f3n, este camino del di\u00e1logo, de los consensos, y vamos a poder tambi\u00e9n avanzar en la resoluci\u00f3n de las problem\u00e1ticas o de las demandas que a\u00fan tenemos por resolver, pero siempre con actitud positiva, con actitud de dialogar, de construir, pero tambi\u00e9n de aportar posiciones o propuestas superadoras en la diversidad del pensamiento. Creo que ese es el camino del \u00e9xito, de todos y para todos&#8221;.<\/p>\n<p><strong>&#8211; \u00bfQu\u00e9 significa para tu gesti\u00f3n a partir del 10 de diciembre van a tener una mayor\u00eda absoluta en el Concejo? <\/strong><\/p>\n<p>&#8211; Bueno, una gran responsabilidad. En la medida que nosotros sigamos por los pies de la tierra, sigamos en esta l\u00ednea de la humildad, de la transparencia, de la seriedad, de contacto permanente con los vecinos, con las instituciones, donde nosotros estamos en contacto a trav\u00e9s de las personas con problem\u00e1ticas, eso es muy importante, no perder el contacto con el vecino, la l\u00ednea directa con el vecino, poder estar en cada rinc\u00f3n, en cada lugar, eso es para nosotros fundamental, para no creer que porque hay mayor\u00eda en el Concejo, bueno, ya est\u00e1 todo dicho.<\/p>\n<p>Justamente el Concejo tiene que representar la voz de los ciudadanos, la voz de los verenses, y nos da a\u00fan m\u00e1s responsabilidad el hecho de tener actores que van a poder apoyar aquellas pol\u00edticas p\u00fablicas que nosotros vamos a estar impulsando.<\/p>\n<p>Quiero recordarles que nosotros hoy ya tenemos un plan de equipo participativo dise\u00f1ado, conformado, ya tenemos la publicaci\u00f3n en nuestras manos para repartir y poder compartirla con las instituciones y todos los actores que han ayudado y han aportado para la realizaci\u00f3n y el dise\u00f1o de este Acuerdo Estrat\u00e9gico, as\u00ed que ese va a ser nuestro faro, nuestro norte, ese va a ser nuestro faro para todos aquellas propuestas que est\u00e1n hoy recibidas e impresas en esta publicaci\u00f3n, en este plan de equipo participativo, va a ser la garant\u00eda de que nosotros vamos a estar cumpliendo con ellos y lo vamos a ir analizando, consolidando y controlando a lo largo de estos cuatro a\u00f1os.<\/p>\n<p>Este es un trabajo que nosotros queremos realizar juntos a nuestras instituciones, fortalecerlas, darle mucha m\u00e1s fuerza a las instituciones, a las organizaciones civiles, y bueno, ir a trabajar, a seguir trabajando con mucha fuerza, con mucha esperanza, y la verdad con estas ganas enormes de seguir transformando, de poder lograr que Vera abra las puertas a la generaci\u00f3n de empleo, poder desarrollar la producci\u00f3n, poder fortalecer el sector privado, acceder al distrito industrial, que es un paso fundamental que tiene Vera que lograr y ese paso por delante que tenemos y que lo vamos a hacer en el distrito comercial, que lo vamos a lograr, donde ah\u00ed podamos invitar a la innovaci\u00f3n, empezar a desarrollar empresas, emprendimientos, talleres, industrias.<\/p>\n","protected":false},"excerpt":{"rendered":"<p>La intendente logr\u00f3 la reelecci\u00f3n con el 54,53 % de los votos. Paula Mitre (Unidos) conducir\u00e1 los destinos de Vera hasta 2027 despu\u00e9s de imponerse con claridad en la elecci\u00f3n general del domingo. La mandataria en funciones cosech\u00f3 6.617 votos y releg\u00f3 al segundo lugar a Javier Barbona, del vecinalista Sumemos Esfuerzos, que logr\u00f3 5.145 [&hellip;]<\/p>\n","protected":false},"author":3,"featured_media":46753,"comment_status":"closed","ping_status":"closed","sticky":false,"template":"","format":"standard","meta":{"_joinchat":[],"footnotes":""},"categories":[53],"tags":[],"class_list":{"0":"post-46752","1":"post","2":"type-post","3":"status-publish","4":"format-standard","5":"has-post-thumbnail","7":"category-vera"},"_links":{"self":[{"href":"https:\/\/infovera.com.ar\/web\/wp-json\/wp\/v2\/posts\/46752","targetHints":{"allow":["GET"]}}],"collection":[{"href":"https:\/\/infovera.com.ar\/web\/wp-json\/wp\/v2\/posts"}],"about":[{"href":"https:\/\/infovera.com.ar\/web\/wp-json\/wp\/v2\/types\/post"}],"author":[{"embeddable":true,"href":"https:\/\/infovera.com.ar\/web\/wp-json\/wp\/v2\/users\/3"}],"replies":[{"embeddable":true,"href":"https:\/\/infovera.com.ar\/web\/wp-json\/wp\/v2\/comments?post=46752"}],"version-history":[{"count":0,"href":"https:\/\/infovera.com.ar\/web\/wp-json\/wp\/v2\/posts\/46752\/revisions"}],"wp:featuredmedia":[{"embeddable":true,"href":"https:\/\/infovera.com.ar\/web\/wp-json\/wp\/v2\/media\/46753"}],"wp:attachment":[{"href":"https:\/\/infovera.com.ar\/web\/wp-json\/wp\/v2\/media?parent=46752"}],"wp:term":[{"taxonomy":"category","embeddable":true,"href":"https:\/\/infovera.com.ar\/web\/wp-json\/wp\/v2\/categories?post=46752"},{"taxonomy":"post_tag","embeddable":true,"href":"https:\/\/infovera.com.ar\/web\/wp-json\/wp\/v2\/tags?post=46752"}],"curies":[{"name":"wp","href":"https:\/\/api.w.org\/{rel}","templated":true}]}}