{"id":46737,"date":"2023-09-10T18:32:21","date_gmt":"2023-09-10T21:32:21","guid":{"rendered":"https:\/\/infovera.com.ar\/web\/?p=46737"},"modified":"2023-09-11T09:16:38","modified_gmt":"2023-09-11T12:16:38","slug":"voto-el-6875-del-padron-en-el-dpto-vera","status":"publish","type":"post","link":"https:\/\/infovera.com.ar\/web\/2023\/09\/10\/voto-el-6875-del-padron-en-el-dpto-vera\/","title":{"rendered":"Vot\u00f3 el 68,75 % del padr\u00f3n en el Dpto. Vera"},"content":{"rendered":"<p>A las 18 cerr\u00f3 el comicio.<\/p>\n<p>El porcentaje de asistencia en el departamento Vera lleg\u00f3 al 68,75 %.<\/p>\n<p>&nbsp;<\/p>\n","protected":false},"excerpt":{"rendered":"<p>A las 18 cerr\u00f3 el comicio. El porcentaje de asistencia en el departamento Vera lleg\u00f3 al 68,75 %. &nbsp;<\/p>\n","protected":false},"author":3,"featured_media":46714,"comment_status":"closed","ping_status":"closed","sticky":false,"template":"","format":"standard","meta":{"_joinchat":[],"footnotes":""},"categories":[53],"tags":[],"class_list":{"0":"post-46737","1":"post","2":"type-post","3":"status-publish","4":"format-standard","5":"has-post-thumbnail","7":"category-vera"},"_links":{"self":[{"href":"https:\/\/infovera.com.ar\/web\/wp-json\/wp\/v2\/posts\/46737","targetHints":{"allow":["GET"]}}],"collection":[{"href":"https:\/\/infovera.com.ar\/web\/wp-json\/wp\/v2\/posts"}],"about":[{"href":"https:\/\/infovera.com.ar\/web\/wp-json\/wp\/v2\/types\/post"}],"author":[{"embeddable":true,"href":"https:\/\/infovera.com.ar\/web\/wp-json\/wp\/v2\/users\/3"}],"replies":[{"embeddable":true,"href":"https:\/\/infovera.com.ar\/web\/wp-json\/wp\/v2\/comments?post=46737"}],"version-history":[{"count":0,"href":"https:\/\/infovera.com.ar\/web\/wp-json\/wp\/v2\/posts\/46737\/revisions"}],"wp:featuredmedia":[{"embeddable":true,"href":"https:\/\/infovera.com.ar\/web\/wp-json\/wp\/v2\/media\/46714"}],"wp:attachment":[{"href":"https:\/\/infovera.com.ar\/web\/wp-json\/wp\/v2\/media?parent=46737"}],"wp:term":[{"taxonomy":"category","embeddable":true,"href":"https:\/\/infovera.com.ar\/web\/wp-json\/wp\/v2\/categories?post=46737"},{"taxonomy":"post_tag","embeddable":true,"href":"https:\/\/infovera.com.ar\/web\/wp-json\/wp\/v2\/tags?post=46737"}],"curies":[{"name":"wp","href":"https:\/\/api.w.org\/{rel}","templated":true}]}}