{"id":46679,"date":"2023-09-08T09:14:09","date_gmt":"2023-09-08T12:14:09","guid":{"rendered":"https:\/\/infovera.com.ar\/web\/?p=46679"},"modified":"2023-09-08T18:27:16","modified_gmt":"2023-09-08T21:27:16","slug":"todo-el-futbol-liguista-suspendido-por-las-elecciones","status":"publish","type":"post","link":"https:\/\/infovera.com.ar\/web\/2023\/09\/08\/todo-el-futbol-liguista-suspendido-por-las-elecciones\/","title":{"rendered":"Todo el f\u00fatbol liguista suspendido por las elecciones"},"content":{"rendered":"<p>La Liga Verense de F\u00fatbol resolvi\u00f3 reprogramar los partidos de este fin de semana en la zona A, B y Liga Femenina por debido a las elecciones generales que tendr\u00e1n lugar el domingo en la provincia.<\/p>\n<p>Por determinaci\u00f3n policial -la imposibilidad de brindar servicio adicional en las canchas- la entidad debi\u00f3 reprogramar la fecha para la semana que viene.<\/p>\n","protected":false},"excerpt":{"rendered":"<p>La Liga Verense de F\u00fatbol resolvi\u00f3 reprogramar los partidos de este fin de semana en la zona A, B y Liga Femenina por debido a las elecciones generales que tendr\u00e1n lugar el domingo en la provincia. Por determinaci\u00f3n policial -la imposibilidad de brindar servicio adicional en las canchas- la entidad debi\u00f3 reprogramar la fecha para [&hellip;]<\/p>\n","protected":false},"author":3,"featured_media":0,"comment_status":"closed","ping_status":"closed","sticky":false,"template":"","format":"standard","meta":{"_joinchat":[],"footnotes":""},"categories":[31,56,35,51],"tags":[],"class_list":{"0":"post-46679","1":"post","2":"type-post","3":"status-publish","4":"format-standard","6":"category-deportes","7":"category-destacados","8":"category-futbol","9":"category-locales"},"_links":{"self":[{"href":"https:\/\/infovera.com.ar\/web\/wp-json\/wp\/v2\/posts\/46679","targetHints":{"allow":["GET"]}}],"collection":[{"href":"https:\/\/infovera.com.ar\/web\/wp-json\/wp\/v2\/posts"}],"about":[{"href":"https:\/\/infovera.com.ar\/web\/wp-json\/wp\/v2\/types\/post"}],"author":[{"embeddable":true,"href":"https:\/\/infovera.com.ar\/web\/wp-json\/wp\/v2\/users\/3"}],"replies":[{"embeddable":true,"href":"https:\/\/infovera.com.ar\/web\/wp-json\/wp\/v2\/comments?post=46679"}],"version-history":[{"count":0,"href":"https:\/\/infovera.com.ar\/web\/wp-json\/wp\/v2\/posts\/46679\/revisions"}],"wp:attachment":[{"href":"https:\/\/infovera.com.ar\/web\/wp-json\/wp\/v2\/media?parent=46679"}],"wp:term":[{"taxonomy":"category","embeddable":true,"href":"https:\/\/infovera.com.ar\/web\/wp-json\/wp\/v2\/categories?post=46679"},{"taxonomy":"post_tag","embeddable":true,"href":"https:\/\/infovera.com.ar\/web\/wp-json\/wp\/v2\/tags?post=46679"}],"curies":[{"name":"wp","href":"https:\/\/api.w.org\/{rel}","templated":true}]}}