{"id":46669,"date":"2023-09-07T17:23:09","date_gmt":"2023-09-07T20:23:09","guid":{"rendered":"https:\/\/infovera.com.ar\/web\/?p=46669"},"modified":"2023-09-08T09:17:01","modified_gmt":"2023-09-08T12:17:01","slug":"elecciones-generales-el-registro-civil-realizara-un-operativo-especial-de-entrega-de-dni","status":"publish","type":"post","link":"https:\/\/infovera.com.ar\/web\/2023\/09\/07\/elecciones-generales-el-registro-civil-realizara-un-operativo-especial-de-entrega-de-dni\/","title":{"rendered":"Elecciones generales: el Registro Civil realizar\u00e1 un operativo especial de entrega de DNI"},"content":{"rendered":"<p>Los ejemplares se podr\u00e1n retirar este s\u00e1bado, de 9 a 12 horas, y este domingo de 9 a 16 horas.<\/p>\n<p>El Registro Civil de la Provincia de Santa Fe dispuso un operativo especial de entrega de DNI en todas sus oficinas a fin de facilitar el retiro del mismo y participar de las elecciones generales que se celebran este domingo 10 de septiembre en todo el territorio santafesino.<\/p>\n<p>Los horarios dispuestos para retirar el Documento Nacional de Identidad\u00a0son:<\/p>\n<p>&gt;&gt; S\u00e1bado 9 de septiembre: de 9 a 12 horas.<br \/>\n&gt;&gt; Domingo 10 de septiembre: de 9 a 16 horas.<\/p>\n<p>Asimismo, se informa que mediante el siguiente link podr\u00e1n consultar el estado del tr\u00e1mite vigente:<strong>\u00a0<a href=\"https:\/\/mitramite.renaper.gob.ar\">https:\/\/mitramite.renaper.gob.ar<\/a><\/strong><\/p>\n","protected":false},"excerpt":{"rendered":"<p>Los ejemplares se podr\u00e1n retirar este s\u00e1bado, de 9 a 12 horas, y este domingo de 9 a 16 horas. El Registro Civil de la Provincia de Santa Fe dispuso un operativo especial de entrega de DNI en todas sus oficinas a fin de facilitar el retiro del mismo y participar de las elecciones generales [&hellip;]<\/p>\n","protected":false},"author":3,"featured_media":46670,"comment_status":"closed","ping_status":"closed","sticky":false,"template":"","format":"standard","meta":{"_joinchat":[],"footnotes":""},"categories":[60],"tags":[],"class_list":{"0":"post-46669","1":"post","2":"type-post","3":"status-publish","4":"format-standard","5":"has-post-thumbnail","7":"category-provinciales"},"_links":{"self":[{"href":"https:\/\/infovera.com.ar\/web\/wp-json\/wp\/v2\/posts\/46669","targetHints":{"allow":["GET"]}}],"collection":[{"href":"https:\/\/infovera.com.ar\/web\/wp-json\/wp\/v2\/posts"}],"about":[{"href":"https:\/\/infovera.com.ar\/web\/wp-json\/wp\/v2\/types\/post"}],"author":[{"embeddable":true,"href":"https:\/\/infovera.com.ar\/web\/wp-json\/wp\/v2\/users\/3"}],"replies":[{"embeddable":true,"href":"https:\/\/infovera.com.ar\/web\/wp-json\/wp\/v2\/comments?post=46669"}],"version-history":[{"count":0,"href":"https:\/\/infovera.com.ar\/web\/wp-json\/wp\/v2\/posts\/46669\/revisions"}],"wp:featuredmedia":[{"embeddable":true,"href":"https:\/\/infovera.com.ar\/web\/wp-json\/wp\/v2\/media\/46670"}],"wp:attachment":[{"href":"https:\/\/infovera.com.ar\/web\/wp-json\/wp\/v2\/media?parent=46669"}],"wp:term":[{"taxonomy":"category","embeddable":true,"href":"https:\/\/infovera.com.ar\/web\/wp-json\/wp\/v2\/categories?post=46669"},{"taxonomy":"post_tag","embeddable":true,"href":"https:\/\/infovera.com.ar\/web\/wp-json\/wp\/v2\/tags?post=46669"}],"curies":[{"name":"wp","href":"https:\/\/api.w.org\/{rel}","templated":true}]}}