{"id":46600,"date":"2023-09-06T12:01:08","date_gmt":"2023-09-06T15:01:08","guid":{"rendered":"https:\/\/infovera.com.ar\/web\/?p=46600"},"modified":"2023-09-07T17:35:26","modified_gmt":"2023-09-07T20:35:26","slug":"se-reunio-por-primera-vez-la-comision-directiva-de-la-seccional-santa-fe-norte-de-amra","status":"publish","type":"post","link":"https:\/\/infovera.com.ar\/web\/2023\/09\/06\/se-reunio-por-primera-vez-la-comision-directiva-de-la-seccional-santa-fe-norte-de-amra\/","title":{"rendered":"Se reuni\u00f3 por primera vez la comisi\u00f3n directiva de la Seccional Santa Fe Norte de AMRA"},"content":{"rendered":"<p>Presidida por la Dra. Sandra Barbieri, secretaria general, la Seccional Santa Fe Norte de la Asociaci\u00f3n de M\u00e9dicos de la Rep\u00fablica Argentina (AMRA) mantuvo su primera reuni\u00f3n de trabajo.<\/p>\n<p>Entre los temas abordados estuvieron la escasez de recursos humanos profesionales en el norte provincial, la paritaria central, la importancia de la consultor\u00eda legal mensual en sede de la Seccional, la compra de ropa de trabajo y bolsones escolares y el trabajo territorial.<\/p>\n","protected":false},"excerpt":{"rendered":"<p>Presidida por la Dra. Sandra Barbieri, secretaria general, la Seccional Santa Fe Norte de la Asociaci\u00f3n de M\u00e9dicos de la Rep\u00fablica Argentina (AMRA) mantuvo su primera reuni\u00f3n de trabajo. Entre los temas abordados estuvieron la escasez de recursos humanos profesionales en el norte provincial, la paritaria central, la importancia de la consultor\u00eda legal mensual en [&hellip;]<\/p>\n","protected":false},"author":3,"featured_media":46602,"comment_status":"closed","ping_status":"closed","sticky":false,"template":"","format":"standard","meta":{"_joinchat":[],"footnotes":""},"categories":[53],"tags":[],"class_list":{"0":"post-46600","1":"post","2":"type-post","3":"status-publish","4":"format-standard","5":"has-post-thumbnail","7":"category-vera"},"_links":{"self":[{"href":"https:\/\/infovera.com.ar\/web\/wp-json\/wp\/v2\/posts\/46600","targetHints":{"allow":["GET"]}}],"collection":[{"href":"https:\/\/infovera.com.ar\/web\/wp-json\/wp\/v2\/posts"}],"about":[{"href":"https:\/\/infovera.com.ar\/web\/wp-json\/wp\/v2\/types\/post"}],"author":[{"embeddable":true,"href":"https:\/\/infovera.com.ar\/web\/wp-json\/wp\/v2\/users\/3"}],"replies":[{"embeddable":true,"href":"https:\/\/infovera.com.ar\/web\/wp-json\/wp\/v2\/comments?post=46600"}],"version-history":[{"count":0,"href":"https:\/\/infovera.com.ar\/web\/wp-json\/wp\/v2\/posts\/46600\/revisions"}],"wp:featuredmedia":[{"embeddable":true,"href":"https:\/\/infovera.com.ar\/web\/wp-json\/wp\/v2\/media\/46602"}],"wp:attachment":[{"href":"https:\/\/infovera.com.ar\/web\/wp-json\/wp\/v2\/media?parent=46600"}],"wp:term":[{"taxonomy":"category","embeddable":true,"href":"https:\/\/infovera.com.ar\/web\/wp-json\/wp\/v2\/categories?post=46600"},{"taxonomy":"post_tag","embeddable":true,"href":"https:\/\/infovera.com.ar\/web\/wp-json\/wp\/v2\/tags?post=46600"}],"curies":[{"name":"wp","href":"https:\/\/api.w.org\/{rel}","templated":true}]}}