{"id":46594,"date":"2023-09-06T09:05:07","date_gmt":"2023-09-06T12:05:07","guid":{"rendered":"https:\/\/infovera.com.ar\/web\/?p=46594"},"modified":"2023-09-06T14:12:29","modified_gmt":"2023-09-06T17:12:29","slug":"mitre-visito-malabrigo-para-proyectar-el-futuro-de-vera","status":"publish","type":"post","link":"https:\/\/infovera.com.ar\/web\/2023\/09\/06\/mitre-visito-malabrigo-para-proyectar-el-futuro-de-vera\/","title":{"rendered":"Mitre visit\u00f3 Malabrigo para &#8220;proyectar el futuro de Vera&#8221;"},"content":{"rendered":"<p>La intendente municipal Paula Mitre junto a su equipo de trabajo visitaron la ciudad de Malabrigo donde fueron recibidos por su intendente Roberto Spont\u00f3n y parte de su gabinete.<\/p>\n<p>El motivo de la visita fue nutrirse de las experiencias productivas de la ciudad hermana en vistas al futuro Distrito Industrial de Vera.<\/p>\n<p>Al respecto, la intendente expres\u00f3: \u201cQuiero en primer lugar agradecer al intendente Roberto Spont\u00f3n y a todo su equipo por el recibimiento y el acompa\u00f1amiento, mostr\u00e1ndonos la infraestructura y el funcionamiento de su parque industrial, hecho que nos permiti\u00f3 conocer el gran abanico productivo que tiene Malabrigo y las potencialidades que existen junto a Vera con vistas al futuro&#8221;.<\/p>\n<p><iframe loading=\"lazy\" style=\"border: none; overflow: hidden;\" src=\"https:\/\/www.facebook.com\/plugins\/post.php?href=https%3A%2F%2Fwww.facebook.com%2Fmunicipalidadvera%2Fposts%2Fpfbid024JLDrFWaj46nUDbiA815siFbJqG5SJdJ6hEUwALggHEqxfkXtMVo37E731FHXXSdl&amp;show_text=true&amp;width=500\" width=\"500\" height=\"772\" frameborder=\"0\" scrolling=\"no\" allowfullscreen=\"allowfullscreen\"><\/iframe><\/p>\n","protected":false},"excerpt":{"rendered":"<p>La intendente municipal Paula Mitre junto a su equipo de trabajo visitaron la ciudad de Malabrigo donde fueron recibidos por su intendente Roberto Spont\u00f3n y parte de su gabinete. El motivo de la visita fue nutrirse de las experiencias productivas de la ciudad hermana en vistas al futuro Distrito Industrial de Vera. Al respecto, la [&hellip;]<\/p>\n","protected":false},"author":3,"featured_media":46596,"comment_status":"closed","ping_status":"closed","sticky":false,"template":"","format":"standard","meta":{"_joinchat":[],"footnotes":""},"categories":[53],"tags":[],"class_list":{"0":"post-46594","1":"post","2":"type-post","3":"status-publish","4":"format-standard","5":"has-post-thumbnail","7":"category-vera"},"_links":{"self":[{"href":"https:\/\/infovera.com.ar\/web\/wp-json\/wp\/v2\/posts\/46594","targetHints":{"allow":["GET"]}}],"collection":[{"href":"https:\/\/infovera.com.ar\/web\/wp-json\/wp\/v2\/posts"}],"about":[{"href":"https:\/\/infovera.com.ar\/web\/wp-json\/wp\/v2\/types\/post"}],"author":[{"embeddable":true,"href":"https:\/\/infovera.com.ar\/web\/wp-json\/wp\/v2\/users\/3"}],"replies":[{"embeddable":true,"href":"https:\/\/infovera.com.ar\/web\/wp-json\/wp\/v2\/comments?post=46594"}],"version-history":[{"count":0,"href":"https:\/\/infovera.com.ar\/web\/wp-json\/wp\/v2\/posts\/46594\/revisions"}],"wp:featuredmedia":[{"embeddable":true,"href":"https:\/\/infovera.com.ar\/web\/wp-json\/wp\/v2\/media\/46596"}],"wp:attachment":[{"href":"https:\/\/infovera.com.ar\/web\/wp-json\/wp\/v2\/media?parent=46594"}],"wp:term":[{"taxonomy":"category","embeddable":true,"href":"https:\/\/infovera.com.ar\/web\/wp-json\/wp\/v2\/categories?post=46594"},{"taxonomy":"post_tag","embeddable":true,"href":"https:\/\/infovera.com.ar\/web\/wp-json\/wp\/v2\/tags?post=46594"}],"curies":[{"name":"wp","href":"https:\/\/api.w.org\/{rel}","templated":true}]}}