{"id":46586,"date":"2023-09-05T17:49:31","date_gmt":"2023-09-05T20:49:31","guid":{"rendered":"https:\/\/infovera.com.ar\/web\/?p=46586"},"modified":"2023-09-06T09:16:56","modified_gmt":"2023-09-06T12:16:56","slug":"julio-lucero-fue-condecorado-con-una-replica-del-sable-corvo-del-brigadier-general-estanislao-lopez","status":"publish","type":"post","link":"https:\/\/infovera.com.ar\/web\/2023\/09\/05\/julio-lucero-fue-condecorado-con-una-replica-del-sable-corvo-del-brigadier-general-estanislao-lopez\/","title":{"rendered":"Julio Lucero fue condecorado con una r\u00e9plica del Sable Corvo del Brigadier General Estanislao L\u00f3pez"},"content":{"rendered":"<p>De manos del gobernador Omar Perotti las m\u00e1ximas autoridades policiales recibieron una r\u00e9plica del sable del Brigadier General Estanislao L\u00f3pez, el Patriarca de la Federaci\u00f3n, por haber alcanzado la \u00faltima jerarqu\u00eda de Director General, como s\u00edmbolo de mando y compromiso.<\/p>\n<p>El gobernador Omar Perotti entreg\u00f3 este martes una r\u00e9plica del sable del Brigadier General Estanislao L\u00f3pez, el Patriarca de la Federaci\u00f3n, quien gobernara la provincia de Santa Fe entre 1818 y 1838, a quienes alcanzaron la \u00faltima jerarqu\u00eda de Director General de Polic\u00eda.<\/p>\n<p>En el acto realizado en el Museo de la Constituci\u00f3n de la ciudad de Santa Fe, Perotti se refiri\u00f3 a la relevancia de recibir una r\u00e9plica del sable del Brigadier General: \u201cEs una oportunidad para marcar y dar visibilidad a esta distinci\u00f3n. Se educa con el ejemplo y sin dudas en cada uno de ustedes est\u00e1 esa premisa; est\u00e1 puesta la confianza en que esa es la tarea que van a estar desempe\u00f1ando\u201d.<\/p>\n<p>El gobernador sostuvo que \u201ctodos sabemos que son momentos dif\u00edciles, todos sabemos de la instancia diaria frente a los violentos que nos alteran la convivencia y la paz. Sabemos de los esfuerzos que se hacen; sabemos de las necesarias mejoras que se han hecho y somos conscientes que nos hubiese gustado hacer m\u00e1s, pero cuando dijimos que ven\u00edamos a cortar los v\u00ednculos con el delito es lo que hicimos\u201d.<\/p>\n<p>Y para eso, el mandatario santafesino subray\u00f3 que \u201cnecesitamos el compromiso de quien tiene el apego a la ley y esa vocaci\u00f3n de servicio y entrega que hay que demostrar. Por eso siempre hemos sido muy claros, esa es la fuerza que queremos, esos son los integrantes a que acompa\u00f1aremos siempre\u201d.<\/p>\n<p>\u201cEl que se ha retirado del cumplimiento de la ley, que se ha alejado de su vocaci\u00f3n de servicio, no tiene espacio en una instituci\u00f3n que quiere hacer todos los esfuerzos para mejorar d\u00eda a d\u00eda; para recomponer la relaci\u00f3n y los v\u00ednculos con la sociedad y las expectativas que ella tiene; y fundamentalmente, con el compromiso de cuidar la vida y los bienes de nuestra comunidad\u201d, indic\u00f3 Perotti.<\/p>\n<p>Luego se dirigi\u00f3 a los Directores Generales diciendo: \u201cToda una comunidad tiene esas expectativas y ese es el camino que la instituci\u00f3n policial debe transitar con honor y fundamentalmente con la responsabilidad que la entrega de hoy le genera a cada uno de ustedes: educar con el ejemplo\u201d.<\/p>\n<p>En tanto, el ministro de Seguridad, Claudio Brilloni, indic\u00f3 que &#8220;hoy es un d\u00eda que nos colma de honor, estar en este acto en la entrega del sable corvo que alguna vez utilizara nuestro Brigadier Estanislao L\u00f3pez\u201d, y record\u00f3 que cuando desenvainaba su sable era para indicar \u201chacia d\u00f3nde avanzar y predicando con el ejemplo, de responsabilidad y autoridad para llevarlo a la victoria\u201d.<\/p>\n<p>\u201cAs\u00ed hoy \u2013continu\u00f3\u2013 tomamos esa tradici\u00f3n y ese ejemplo de la historia para honrar el desempe\u00f1o, la labor y la trayectoria profesional de quienes tienen la m\u00e1xima jerarqu\u00eda dentro de la Polic\u00eda de la Provincia de Santa Fe\u201d.<\/p>\n<p><a href=\"https:\/\/infovera.com.ar\/web\/wp-content\/uploads\/2023\/09\/perotti.jpeg\"><img loading=\"lazy\" decoding=\"async\" class=\"alignleft size-full wp-image-46577\" src=\"https:\/\/infovera.com.ar\/web\/wp-content\/uploads\/2023\/09\/perotti.jpeg\" alt=\"\" width=\"2893\" height=\"1928\" srcset=\"https:\/\/infovera.com.ar\/web\/wp-content\/uploads\/2023\/09\/perotti.jpeg 2893w, https:\/\/infovera.com.ar\/web\/wp-content\/uploads\/2023\/09\/perotti-696x464.jpeg 696w, https:\/\/infovera.com.ar\/web\/wp-content\/uploads\/2023\/09\/perotti-1068x712.jpeg 1068w, https:\/\/infovera.com.ar\/web\/wp-content\/uploads\/2023\/09\/perotti-630x420.jpeg 630w\" sizes=\"auto, (max-width: 2893px) 100vw, 2893px\" \/><\/a><\/p>\n<p><strong>DIRECTORES GENERALES<\/strong><\/p>\n<p>Por orden de m\u00e9rito:<\/p>\n<p>&gt;&gt; Director General de Polic\u00eda, Mart\u00edn Garc\u00eda (Jefe de Polic\u00eda de la Provincia).<\/p>\n<p>&gt;&gt; Director General de Polic\u00eda, Jos\u00e9 Eduardo Senn (Subjefe de Polic\u00eda de la Provincia).<\/p>\n<p>&gt;&gt; Director General de Polic\u00eda, Hern\u00e1n Ariel Ferrero (Jefe de Plana Mayor).<\/p>\n<p>&gt;&gt; Directora General de Polic\u00eda, Carina Elizabet Degra (Jefa del Dpto. Operaciones Policiales D-3).<\/p>\n<p>&gt;&gt; Directora General de Polic\u00eda, Marta Teresa Mogues (Jefa de la Divisi\u00f3n Medicina Legal U.R. IV \u2013 Dpto. Caseros).<\/p>\n<p>&gt;&gt; Director General de Polic\u00eda, Alfio David Zumoffen (Jefe de la U.R. VII \u2013 Dpto. Garay).<\/p>\n<p><strong>&gt;&gt; Director General de Polic\u00eda, Julio C\u00e9sar Lucero (Jefe de la U.R. IX \u2013 Dpto. Gral. Obligado). \u00danico jefe policial del norte en recibir la condecoraci\u00f3n.<\/strong><\/p>\n<p>&gt;&gt; Director General de Polic\u00eda, Luis Pablo Mart\u00edn Maldonado (Director General de Coordinaci\u00f3n con las Oficinas de Gesti\u00f3n Judicial).<\/p>\n<p>&gt;&gt; Director General de Polic\u00eda, Andr\u00e9s Lastorta (Director General de Bomberos).<\/p>\n<p>&gt;&gt; Director General de Polic\u00eda, Daniel Fernando Filchel.<\/p>\n<p><strong>PRESENTES<\/strong><\/p>\n<p>Tambi\u00e9n participaron el secretario de Seguridad P\u00fablica, Marcos Romero; el jefe de Polic\u00eda de la Provincia, Mart\u00edn Garc\u00eda; el jefe de Plana Mayor de la Jefatura de Polic\u00eda, Hern\u00e1n Ferrero, entre otros funcionarios y autoridades del Ministerio de Seguridad y de la Polic\u00eda de la Provincia.<\/p>\n<p><strong>BREVE RESE\u00d1A<\/strong><\/p>\n<p>El sable es el s\u00edmbolo del mando. La historia nos ense\u00f1a que los grandes generales desenvainaban sus espadas no s\u00f3lo en se\u00f1al de bravura sino tambi\u00e9n para motivar y dirigir a sus soldados. En todas las fuerzas se estila que, al llegar a la m\u00e1xima jerarqu\u00eda, la de General, la autoridad pol\u00edtica entrega r\u00e9plica de sables de aquellos que son considerados numen tutelar en cada una de las Fuerzas.<\/p>\n<p>As\u00ed, el presidente de la Naci\u00f3n entrega la r\u00e9plica del sable de San Mart\u00edn al Ej\u00e9rcito Argentino, o la r\u00e9plica del sable de G\u00fcemes a los Gendarmes. El requisito es que llegue a la jerarqu\u00eda de General, para tal honrosa distinci\u00f3n.<\/p>\n<p>En el caso de Santa Fe, la r\u00e9plica del sable del Brigadier L\u00f3pez a los Directores Generales, no s\u00f3lo es un reconocimiento a la trayectoria, sino que por sobre todas las cosas representa la voluntad del pueblo de que nuestros Generales se pongan al frente de nuestras huestes policiales para conducirlos con el ejemplo, liderazgo y compromiso con el cumplimiento de la misi\u00f3n asignada.<\/p>\n","protected":false},"excerpt":{"rendered":"<p>De manos del gobernador Omar Perotti las m\u00e1ximas autoridades policiales recibieron una r\u00e9plica del sable del Brigadier General Estanislao L\u00f3pez, el Patriarca de la Federaci\u00f3n, por haber alcanzado la \u00faltima jerarqu\u00eda de Director General, como s\u00edmbolo de mando y compromiso. El gobernador Omar Perotti entreg\u00f3 este martes una r\u00e9plica del sable del Brigadier General Estanislao [&hellip;]<\/p>\n","protected":false},"author":3,"featured_media":46579,"comment_status":"closed","ping_status":"closed","sticky":false,"template":"","format":"standard","meta":{"_joinchat":[],"footnotes":""},"categories":[60],"tags":[],"class_list":{"0":"post-46586","1":"post","2":"type-post","3":"status-publish","4":"format-standard","5":"has-post-thumbnail","7":"category-provinciales"},"_links":{"self":[{"href":"https:\/\/infovera.com.ar\/web\/wp-json\/wp\/v2\/posts\/46586","targetHints":{"allow":["GET"]}}],"collection":[{"href":"https:\/\/infovera.com.ar\/web\/wp-json\/wp\/v2\/posts"}],"about":[{"href":"https:\/\/infovera.com.ar\/web\/wp-json\/wp\/v2\/types\/post"}],"author":[{"embeddable":true,"href":"https:\/\/infovera.com.ar\/web\/wp-json\/wp\/v2\/users\/3"}],"replies":[{"embeddable":true,"href":"https:\/\/infovera.com.ar\/web\/wp-json\/wp\/v2\/comments?post=46586"}],"version-history":[{"count":0,"href":"https:\/\/infovera.com.ar\/web\/wp-json\/wp\/v2\/posts\/46586\/revisions"}],"wp:featuredmedia":[{"embeddable":true,"href":"https:\/\/infovera.com.ar\/web\/wp-json\/wp\/v2\/media\/46579"}],"wp:attachment":[{"href":"https:\/\/infovera.com.ar\/web\/wp-json\/wp\/v2\/media?parent=46586"}],"wp:term":[{"taxonomy":"category","embeddable":true,"href":"https:\/\/infovera.com.ar\/web\/wp-json\/wp\/v2\/categories?post=46586"},{"taxonomy":"post_tag","embeddable":true,"href":"https:\/\/infovera.com.ar\/web\/wp-json\/wp\/v2\/tags?post=46586"}],"curies":[{"name":"wp","href":"https:\/\/api.w.org\/{rel}","templated":true}]}}