{"id":46448,"date":"2023-08-30T22:36:17","date_gmt":"2023-08-31T01:36:17","guid":{"rendered":"https:\/\/infovera.com.ar\/web\/?p=46448"},"modified":"2023-08-31T18:14:02","modified_gmt":"2023-08-31T21:14:02","slug":"vera-la-aic-secuestro-un-camion-buscado-por-la-justicia-de-la-pampa","status":"publish","type":"post","link":"https:\/\/infovera.com.ar\/web\/2023\/08\/30\/vera-la-aic-secuestro-un-camion-buscado-por-la-justicia-de-la-pampa\/","title":{"rendered":"Vera: la AIC secuestr\u00f3 un cami\u00f3n buscado por la justicia de La Pampa"},"content":{"rendered":"<p>El veh\u00edculo de gran porte es originario de la ciudad de General Pico.<\/p>\n<p>Este mi\u00e9rcoles, personal de la Agencia de Investigaci\u00f3n Criminal, que depende del Ministerio de Seguridad, secuestr\u00f3 un cami\u00f3n con acoplado en el Paraje 70\/800 del departamento Vera.<\/p>\n<p>El veh\u00edculo era buscado por la justicia de La Pampa, seg\u00fan informaron oficiales de la Brigada de Investigaciones de la Polic\u00eda de esa provincia, quienes el d\u00eda de ayer entablaron comunicaci\u00f3n con efectivos de la AIC para ponerlos en conocimiento sobre un rodado de gran porte implicado en sus investigaciones, que se hallar\u00eda en jurisdicci\u00f3n de nuestra provincia.<\/p>\n<p>Inmediatamente, los agentes del Departamento Operativo Investigativo Regi\u00f3n 4 (AIC), emprendieron arduos patrullajes y averiguaciones en la zona, logrando el hallazgo del cami\u00f3n en Paraje 70\/800, lugar donde tambi\u00e9n se realiz\u00f3 una requisa domiciliaria en la que se incautaron patentes pertenecientes al rodado y el acoplado.<\/p>\n<p>Interviene el fiscal Leandro Benegas de la Unidad Fiscal de Vera, quien orden\u00f3 el traslado de lo secuestrado a estrados de esa instancia, a la espera del correspondiente exhorto.<\/p>\n<p><a href=\"https:\/\/infovera.com.ar\/web\/wp-content\/uploads\/2023\/08\/casa.jpg\"><img loading=\"lazy\" decoding=\"async\" class=\"alignleft size-full wp-image-46450\" src=\"https:\/\/infovera.com.ar\/web\/wp-content\/uploads\/2023\/08\/casa.jpg\" alt=\"\" width=\"1600\" height=\"1200\" srcset=\"https:\/\/infovera.com.ar\/web\/wp-content\/uploads\/2023\/08\/casa.jpg 1600w, https:\/\/infovera.com.ar\/web\/wp-content\/uploads\/2023\/08\/casa-696x522.jpg 696w, https:\/\/infovera.com.ar\/web\/wp-content\/uploads\/2023\/08\/casa-1068x801.jpg 1068w, https:\/\/infovera.com.ar\/web\/wp-content\/uploads\/2023\/08\/casa-560x420.jpg 560w, https:\/\/infovera.com.ar\/web\/wp-content\/uploads\/2023\/08\/casa-80x60.jpg 80w, https:\/\/infovera.com.ar\/web\/wp-content\/uploads\/2023\/08\/casa-265x198.jpg 265w\" sizes=\"auto, (max-width: 1600px) 100vw, 1600px\" \/><\/a><\/p>\n","protected":false},"excerpt":{"rendered":"<p>El veh\u00edculo de gran porte es originario de la ciudad de General Pico. Este mi\u00e9rcoles, personal de la Agencia de Investigaci\u00f3n Criminal, que depende del Ministerio de Seguridad, secuestr\u00f3 un cami\u00f3n con acoplado en el Paraje 70\/800 del departamento Vera. El veh\u00edculo era buscado por la justicia de La Pampa, seg\u00fan informaron oficiales de la [&hellip;]<\/p>\n","protected":false},"author":3,"featured_media":46449,"comment_status":"closed","ping_status":"closed","sticky":false,"template":"","format":"standard","meta":{"_joinchat":[],"footnotes":""},"categories":[30,53],"tags":[],"class_list":{"0":"post-46448","1":"post","2":"type-post","3":"status-publish","4":"format-standard","5":"has-post-thumbnail","7":"category-policiales","8":"category-vera"},"_links":{"self":[{"href":"https:\/\/infovera.com.ar\/web\/wp-json\/wp\/v2\/posts\/46448","targetHints":{"allow":["GET"]}}],"collection":[{"href":"https:\/\/infovera.com.ar\/web\/wp-json\/wp\/v2\/posts"}],"about":[{"href":"https:\/\/infovera.com.ar\/web\/wp-json\/wp\/v2\/types\/post"}],"author":[{"embeddable":true,"href":"https:\/\/infovera.com.ar\/web\/wp-json\/wp\/v2\/users\/3"}],"replies":[{"embeddable":true,"href":"https:\/\/infovera.com.ar\/web\/wp-json\/wp\/v2\/comments?post=46448"}],"version-history":[{"count":0,"href":"https:\/\/infovera.com.ar\/web\/wp-json\/wp\/v2\/posts\/46448\/revisions"}],"wp:featuredmedia":[{"embeddable":true,"href":"https:\/\/infovera.com.ar\/web\/wp-json\/wp\/v2\/media\/46449"}],"wp:attachment":[{"href":"https:\/\/infovera.com.ar\/web\/wp-json\/wp\/v2\/media?parent=46448"}],"wp:term":[{"taxonomy":"category","embeddable":true,"href":"https:\/\/infovera.com.ar\/web\/wp-json\/wp\/v2\/categories?post=46448"},{"taxonomy":"post_tag","embeddable":true,"href":"https:\/\/infovera.com.ar\/web\/wp-json\/wp\/v2\/tags?post=46448"}],"curies":[{"name":"wp","href":"https:\/\/api.w.org\/{rel}","templated":true}]}}