{"id":46437,"date":"2023-08-30T13:52:11","date_gmt":"2023-08-30T16:52:11","guid":{"rendered":"https:\/\/infovera.com.ar\/web\/?p=46437"},"modified":"2023-08-30T13:52:11","modified_gmt":"2023-08-30T16:52:11","slug":"jornada-de-capacitacion","status":"publish","type":"post","link":"https:\/\/infovera.com.ar\/web\/2023\/08\/30\/jornada-de-capacitacion\/","title":{"rendered":"Jornada de capacitaci\u00f3n"},"content":{"rendered":"<p>Se desarroll\u00f3 en el auditorio de Amsafe Vera sobre \u201cCiudadan\u00eda Digital, Grooming y L\u00ednea 102\u201d, a cargo de personal t\u00e9cnico de la Secretar\u00eda de los Derechos de la Ni\u00f1ez, Adolescencia y Familia de la provincia de Santa Fe.<\/p>\n<p>Las palabras de apertura estuvieron a cargo de la Delegada Regional Miriam Manassero, quien di\u00f3 la bienvenida a los presentes que colmaron la capacidad del recinto al tiempo que anticip\u00f3 la agenda de actividades de la jornada.<\/p>\n<p>Desde el \u00e1rea del Programa Clic Derechos Santa Fe expusieron Patricia Tibaldo, Marina Pagliaroli y Noelia Dieguez.<\/p>\n<p>Por la L\u00ednea 102 lo hicieron Lorena Bessonart y Daniela Gil.<\/p>\n<p>Los convocados fueron referentes del \u00e1mbito educativo, fuerzas de seguridad, del \u00e1rea salud, centros residenciales y de los servicios locales a cargo de municipios y comunas de todo el departamento Vera.<\/p>\n<p>El objetivo fue la prevenci\u00f3n y sensibilizaci\u00f3n de la problem\u00e1tica del grooming y el ciberacoso, a la vez que se aprovech\u00f3 la oportunidad para presentar la L\u00ednea 102 como herramienta de prevenci\u00f3n, promoci\u00f3n, difusi\u00f3n y protecci\u00f3n de los derechos de ni\u00f1os y adolescentes.<\/p>\n<p>&nbsp;<\/p>\n<p><em><strong>Letyana Press<\/strong><\/em><\/p>\n","protected":false},"excerpt":{"rendered":"<p>Se desarroll\u00f3 en el auditorio de Amsafe Vera sobre \u201cCiudadan\u00eda Digital, Grooming y L\u00ednea 102\u201d, a cargo de personal t\u00e9cnico de la Secretar\u00eda de los Derechos de la Ni\u00f1ez, Adolescencia y Familia de la provincia de Santa Fe. Las palabras de apertura estuvieron a cargo de la Delegada Regional Miriam Manassero, quien di\u00f3 la bienvenida [&hellip;]<\/p>\n","protected":false},"author":3,"featured_media":46439,"comment_status":"closed","ping_status":"closed","sticky":false,"template":"","format":"standard","meta":{"_joinchat":[],"footnotes":""},"categories":[53],"tags":[],"class_list":{"0":"post-46437","1":"post","2":"type-post","3":"status-publish","4":"format-standard","5":"has-post-thumbnail","7":"category-vera"},"_links":{"self":[{"href":"https:\/\/infovera.com.ar\/web\/wp-json\/wp\/v2\/posts\/46437","targetHints":{"allow":["GET"]}}],"collection":[{"href":"https:\/\/infovera.com.ar\/web\/wp-json\/wp\/v2\/posts"}],"about":[{"href":"https:\/\/infovera.com.ar\/web\/wp-json\/wp\/v2\/types\/post"}],"author":[{"embeddable":true,"href":"https:\/\/infovera.com.ar\/web\/wp-json\/wp\/v2\/users\/3"}],"replies":[{"embeddable":true,"href":"https:\/\/infovera.com.ar\/web\/wp-json\/wp\/v2\/comments?post=46437"}],"version-history":[{"count":0,"href":"https:\/\/infovera.com.ar\/web\/wp-json\/wp\/v2\/posts\/46437\/revisions"}],"wp:featuredmedia":[{"embeddable":true,"href":"https:\/\/infovera.com.ar\/web\/wp-json\/wp\/v2\/media\/46439"}],"wp:attachment":[{"href":"https:\/\/infovera.com.ar\/web\/wp-json\/wp\/v2\/media?parent=46437"}],"wp:term":[{"taxonomy":"category","embeddable":true,"href":"https:\/\/infovera.com.ar\/web\/wp-json\/wp\/v2\/categories?post=46437"},{"taxonomy":"post_tag","embeddable":true,"href":"https:\/\/infovera.com.ar\/web\/wp-json\/wp\/v2\/tags?post=46437"}],"curies":[{"name":"wp","href":"https:\/\/api.w.org\/{rel}","templated":true}]}}