{"id":46433,"date":"2023-08-30T13:08:24","date_gmt":"2023-08-30T16:08:24","guid":{"rendered":"https:\/\/infovera.com.ar\/web\/?p=46433"},"modified":"2023-08-30T22:37:46","modified_gmt":"2023-08-31T01:37:46","slug":"sueldos-y-jubilaciones-provinciales-se-incrementan-25-en-agosto","status":"publish","type":"post","link":"https:\/\/infovera.com.ar\/web\/2023\/08\/30\/sueldos-y-jubilaciones-provinciales-se-incrementan-25-en-agosto\/","title":{"rendered":"Sueldos y jubilaciones provinciales se incrementan 25 % en agosto"},"content":{"rendered":"<p>El Ministerio de Econom\u00eda inform\u00f3 que los haberes del mes de Agosto que se percibir\u00e1n a partir del viernes 1 de septiembre contemplan un incremento del 25 % en l\u00ednea a lo acordado con los distintos gremios en el marco de los acuerdos paritarios. En simult\u00e1neo, dicho aumento ser\u00e1 percibido por el sector pasivo.<\/p>\n<p>El cronograma para los agentes p\u00fablicos se iniciar\u00e1 el viernes 1 de septiembre finalizando el mi\u00e9rcoles 6. En tanto las autoridades superiores de los tres poderes percibir\u00e1n sus haberes el jueves 7.<\/p>\n<p>Viernes 1 de septiembre 2023<br \/>\n1. Pasivos a los que les corresponde percibir un monto de bolsillo de hasta 296.000 pesos<br \/>\n2. Escalaf\u00f3n policial<\/p>\n<p>\u200b<br \/>\nLunes 4 de septiembre 2023<br \/>\n1. Activos a los que les corresponde percibir un monto de bolsillo de hasta 282.000 pesos<br \/>\n2. Docentes de Escuelas Privadas Transferidas 1\u00ba y 2\u00ba Convenio<\/p>\n<p>Martes 5 de septiembre 2023<br \/>\n1. Resto de Activos a los que les corresponde percibir un monto de bolsillo superior a 282.000 pesos 2. Docentes de Escuelas Privadas Hist\u00f3ricas<br \/>\n\u200b<br \/>\nMi\u00e9rcoles 6 de septiembre 2023<br \/>\n1. Resto de Pasivos a los que les corresponde percibir un monto de bolsillo superior a 296.000 pesos<\/p>\n<p>Jueves 7 de septiembre 2023<br \/>\n1. Autoridades Superiores Poder Judicial, Poder Legislativo y Poder Ejecutivo<\/p>\n","protected":false},"excerpt":{"rendered":"<p>El Ministerio de Econom\u00eda inform\u00f3 que los haberes del mes de Agosto que se percibir\u00e1n a partir del viernes 1 de septiembre contemplan un incremento del 25 % en l\u00ednea a lo acordado con los distintos gremios en el marco de los acuerdos paritarios. En simult\u00e1neo, dicho aumento ser\u00e1 percibido por el sector pasivo. El [&hellip;]<\/p>\n","protected":false},"author":3,"featured_media":4735,"comment_status":"closed","ping_status":"closed","sticky":false,"template":"","format":"standard","meta":{"_joinchat":[],"footnotes":""},"categories":[60],"tags":[],"class_list":{"0":"post-46433","1":"post","2":"type-post","3":"status-publish","4":"format-standard","5":"has-post-thumbnail","7":"category-provinciales"},"_links":{"self":[{"href":"https:\/\/infovera.com.ar\/web\/wp-json\/wp\/v2\/posts\/46433","targetHints":{"allow":["GET"]}}],"collection":[{"href":"https:\/\/infovera.com.ar\/web\/wp-json\/wp\/v2\/posts"}],"about":[{"href":"https:\/\/infovera.com.ar\/web\/wp-json\/wp\/v2\/types\/post"}],"author":[{"embeddable":true,"href":"https:\/\/infovera.com.ar\/web\/wp-json\/wp\/v2\/users\/3"}],"replies":[{"embeddable":true,"href":"https:\/\/infovera.com.ar\/web\/wp-json\/wp\/v2\/comments?post=46433"}],"version-history":[{"count":0,"href":"https:\/\/infovera.com.ar\/web\/wp-json\/wp\/v2\/posts\/46433\/revisions"}],"wp:featuredmedia":[{"embeddable":true,"href":"https:\/\/infovera.com.ar\/web\/wp-json\/wp\/v2\/media\/4735"}],"wp:attachment":[{"href":"https:\/\/infovera.com.ar\/web\/wp-json\/wp\/v2\/media?parent=46433"}],"wp:term":[{"taxonomy":"category","embeddable":true,"href":"https:\/\/infovera.com.ar\/web\/wp-json\/wp\/v2\/categories?post=46433"},{"taxonomy":"post_tag","embeddable":true,"href":"https:\/\/infovera.com.ar\/web\/wp-json\/wp\/v2\/tags?post=46433"}],"curies":[{"name":"wp","href":"https:\/\/api.w.org\/{rel}","templated":true}]}}