{"id":46399,"date":"2023-08-28T14:16:59","date_gmt":"2023-08-28T17:16:59","guid":{"rendered":"https:\/\/infovera.com.ar\/web\/?p=46399"},"modified":"2023-08-28T18:41:13","modified_gmt":"2023-08-28T21:41:13","slug":"reconquista-la-policia-aporto-tips-de-seguridad-a-comerciantes-preocupados-por-los-saqueos","status":"publish","type":"post","link":"https:\/\/infovera.com.ar\/web\/2023\/08\/28\/reconquista-la-policia-aporto-tips-de-seguridad-a-comerciantes-preocupados-por-los-saqueos\/","title":{"rendered":"Reconquista: la polic\u00eda aport\u00f3 tips de seguridad a comerciantes preocupados por los saqueos"},"content":{"rendered":"<p>Se realiz\u00f3 una reuni\u00f3n con entidades del \u00e1rea metropolitana que agrupan al sector para llevar tranquilidad. La importancia de la seguridad privada y el cuidado de bicicletas.<\/p>\n<p>Autoridades policiales, judiciales y pol\u00edticas se reunieron en el palacio de jefatura de la Unidad Regional IX de Polic\u00eda con representantes de los centros industriales y comerciales de Reconquista y Avellaneda y comerciantes mayoristas del \u00e1rea metropolitana con el finde abordar la seguridad y prevenci\u00f3n de il\u00edcitos en comercios.<\/p>\n<p>Con la presencia del fiscal regional, Rub\u00e9n Mart\u00ednez; el jefe departamental comisario general Julio Lucero y miembros de la plana mayor; y el secretario de Control P\u00fablico del municipio local, en el encuentro se detallaron medidas de prevenci\u00f3n adoptadas en los \u00faltimos y luego se realiz\u00f3 un recorrido para conocer las instalaciones del 911 y como funciona la comunicaci\u00f3n entre vecinos y polic\u00eda, como as\u00ed tambi\u00e9n de sala de planeamiento estrat\u00e9gico.<\/p>\n<p>\u201c Hicimos una reuni\u00f3n con todos los comerciantes de la zona, de los mercados, centros comerciales de lo que es Avellaneda y Reconquista. Y estuvimos hablando, d\u00e1ndole un poco de tranquilidad a la gente por el tema de los saqueos\u201d, refiri\u00f3 el titular de la fuerza en General Obligado.<\/p>\n<p>El general Lucero indic\u00f3 que \u201cles dimos algunos tips para que tengan en cuenta y puedan transmit\u00edrselos a la gente que est\u00e1 en seguridad privada con ellos. Y les mostramos todo lo que es el seguimiento que nosotros estamos haciendo con el 911, el Centro de Monitoreo, c\u00f3mo est\u00e1n ubicados los m\u00f3viles. En fin, todo el trabajo que se hace, toda la planificaci\u00f3n que hay, que est\u00e1 seguida toda por Internet, para que ellos se queden tranquilos que dos minutos, aproximadamente tres, puede llegar a demorar un m\u00f3vil en llegar a un local si es que llegara a haber alg\u00fan inconveniente\u201d.<\/p>\n<p>En realidad, dijo el funcionario policial, \u201cles estuvimos transmitiendo tranquilidad para ellos y sus empleados\u201d.<\/p>\n<p>Entre los tips brindados se incluyeron la \u201cgente que entra a comprar en grupo, que tengan en cuenta eso los de seguridad privada, que ninguno entre con el rostro tapado\u201d, etc.<\/p>\n<p>Hasta el momento \u201cestamos tranquilos, pero bueno, siempre es bueno que ellos tambi\u00e9n tengan alg\u00fan tipo de referencia sobre lo que es el tema de seguridad, el tema de las bicicletas, c\u00f3mo poner los candados en la bicicleta. O sea, generalmente lo ponen en la rueda de adelante y hay otros lugares en donde es m\u00e1s seguro colocarlo\u201d, complet\u00f3 Lucero.<\/p>\n","protected":false},"excerpt":{"rendered":"<p>Se realiz\u00f3 una reuni\u00f3n con entidades del \u00e1rea metropolitana que agrupan al sector para llevar tranquilidad. La importancia de la seguridad privada y el cuidado de bicicletas. Autoridades policiales, judiciales y pol\u00edticas se reunieron en el palacio de jefatura de la Unidad Regional IX de Polic\u00eda con representantes de los centros industriales y comerciales de [&hellip;]<\/p>\n","protected":false},"author":3,"featured_media":37299,"comment_status":"closed","ping_status":"closed","sticky":false,"template":"","format":"standard","meta":{"_joinchat":[],"footnotes":""},"categories":[30,55,61],"tags":[],"class_list":{"0":"post-46399","1":"post","2":"type-post","3":"status-publish","4":"format-standard","5":"has-post-thumbnail","7":"category-policiales","8":"category-reconquista","9":"category-regionales"},"_links":{"self":[{"href":"https:\/\/infovera.com.ar\/web\/wp-json\/wp\/v2\/posts\/46399","targetHints":{"allow":["GET"]}}],"collection":[{"href":"https:\/\/infovera.com.ar\/web\/wp-json\/wp\/v2\/posts"}],"about":[{"href":"https:\/\/infovera.com.ar\/web\/wp-json\/wp\/v2\/types\/post"}],"author":[{"embeddable":true,"href":"https:\/\/infovera.com.ar\/web\/wp-json\/wp\/v2\/users\/3"}],"replies":[{"embeddable":true,"href":"https:\/\/infovera.com.ar\/web\/wp-json\/wp\/v2\/comments?post=46399"}],"version-history":[{"count":0,"href":"https:\/\/infovera.com.ar\/web\/wp-json\/wp\/v2\/posts\/46399\/revisions"}],"wp:featuredmedia":[{"embeddable":true,"href":"https:\/\/infovera.com.ar\/web\/wp-json\/wp\/v2\/media\/37299"}],"wp:attachment":[{"href":"https:\/\/infovera.com.ar\/web\/wp-json\/wp\/v2\/media?parent=46399"}],"wp:term":[{"taxonomy":"category","embeddable":true,"href":"https:\/\/infovera.com.ar\/web\/wp-json\/wp\/v2\/categories?post=46399"},{"taxonomy":"post_tag","embeddable":true,"href":"https:\/\/infovera.com.ar\/web\/wp-json\/wp\/v2\/tags?post=46399"}],"curies":[{"name":"wp","href":"https:\/\/api.w.org\/{rel}","templated":true}]}}