{"id":46326,"date":"2023-08-24T16:59:52","date_gmt":"2023-08-24T19:59:52","guid":{"rendered":"https:\/\/infovera.com.ar\/web\/?p=46326"},"modified":"2023-08-25T10:22:57","modified_gmt":"2023-08-25T13:22:57","slug":"perotti-dejo-inaugurada-la-unidad-de-terapia-intensiva-de-vera","status":"publish","type":"post","link":"https:\/\/infovera.com.ar\/web\/2023\/08\/24\/perotti-dejo-inaugurada-la-unidad-de-terapia-intensiva-de-vera\/","title":{"rendered":"Perotti dej\u00f3 inaugurada la Unidad de Terapia Intensiva de Vera"},"content":{"rendered":"<p>Fue en emotivo acto del que tambi\u00e9n participaron el senador Osvaldo Sosa y la intendente Paula Mitre.<\/p>\n<p>El gobernador Perotti inaugur\u00f3 este jueves el nuevo hospital Regional de la ciudad de Vera y entreg\u00f3 los t\u00edtulos de propiedad de sus viviendas a 28 familias del departamento.<\/p>\n<p>Al inaugurar el nuevo efector, Perotti destac\u00f3 la importancia de \u201ctener miradas de consenso. Hemos tratado de coordinar acciones con cada intendente, presidente comunal y senador\u201d, y record\u00f3 que \u201cde Reconquista a Santa Fe no hay ninguna terapia, 300 kil\u00f3metros, y hoy estamos inaugurando en Vera, la ampliaci\u00f3n de infraestructura y de equipamiento de \u00faltima tecnolog\u00eda\u201d.<\/p>\n<p>Adem\u00e1s, el gobernador resalt\u00f3 que \u201ccreemos en la salud p\u00fablica, en una salud presente. Hoy hay un 50% m\u00e1s de atenci\u00f3n en todos los efectores p\u00fablicos y menos derivaciones y traslados a los efectores privados\u201d.<\/p>\n<p>Asimismo, el gobernador manifest\u00f3 que estas \u201c36 camas expresan el potencial de esta zona, estamos pensando en el norte que los tiene a ustedes como protagonistas, deseosos de mostrar que aqu\u00ed hay capacidad de su gente, y que lo que necesitaba era cercan\u00eda e inversiones para poder crecer de igual a igual\u201d.<\/p>\n<p>\u201cTrabajamos con hechos, con inauguraciones, con obras en marcha, para integrar esta provincia y dejamos una provincia con un piso mucho m\u00e1s alto en infraestructura\u201d, resalt\u00f3 el mandatario santafesino.<\/p>\n<p>Por \u00faltimo, al entregar los t\u00edtulos de propiedad de sus viviendas a 28 familias del departamento, Perotti indic\u00f3 que \u201choy se termina un circuito, desde cuando empezaron a escribir una p\u00e1gina nueva de sus vidas en el techo propio. Hoy completan su seguridad, se llevan tranquilidad. En este acto estamos saldando y reparando\u201d, concluy\u00f3.<\/p>\n<p><strong>Nuevo hospital<\/strong><\/p>\n<p><img decoding=\"async\" src=\"https:\/\/www.santafe.gov.ar\/noticias\/recursos\/fotos\/2023\/08\/2023-08-24NID_278885O_2.jpeg\" alt=\"\" \/><\/p>\n<p>Para la ejecuci\u00f3n de las obras y en el nuevo equipamiento, el gobierno provincial invirti\u00f3 $ 578.988.427,08.<\/p>\n<p>Al respecto, la ministra de Salud, Sonia Martorano, agradeci\u00f3 al gobernador \u201cpor la mirada federal\u201d, y manifest\u00f3 la importancia de no \u201ccentralizar la salud, porque a veces no dan los tiempos y las cosas se complican, porque es una provincia muy grande y el norte necesitaba nuestra mirada, una decisi\u00f3n federal, que es una pol\u00edtica de Estado, una pol\u00edtica sanitaria. Este hospital implica salud de cercan\u00eda\u201d.<\/p>\n<p>En tanto, la ministra de Infraestructura, Servicios P\u00fablicos y H\u00e1bitat, Silvina Frana, indic\u00f3 que este hospital \u201cera el pedido de una comunidad, por lo cual no hace falta explicar lo que significa. Falta, porque ac\u00e1 vemos un edificio que hay que seguir remodelando, pero hubo una mirada hacia el centro norte de la provincia, como hac\u00eda muchos a\u00f1os no hab\u00eda, hubo una pol\u00edtica p\u00fablica y decisi\u00f3n pol\u00edtica, porque el gobernador nos indic\u00f3 desde el primer d\u00eda que pensemos en el arraigo\u201d.<\/p>\n<p>Por su parte, el senador nacional Marcelo Lewandowski destac\u00f3 \u201cla gran cantidad de camas que se han ampliado en la provincia, que no solamente tiene la infraestructura edilicia, sino tambi\u00e9n la tecnolog\u00eda, y el recurso humano\u201d.<\/p>\n<p>En tanto, el senador por el departamento Vera, Osvaldo Sosa, destac\u00f3 que \u201cesta sociedad, unida como est\u00e1, en paz y trabajando en pos del mejoramiento de todas nuestras instituciones y la calidad de vida de nuestros habitantes, est\u00e1 dejando de lado, cuestiones banales para ocuparnos de lo que corresponde. Cost\u00f3 mucho trabajo, mucho dinero, mucho conversar para ver c\u00f3mo se llevaba a cabo, y lo que pretendo es que estos sue\u00f1os que se concretan, en el futuro no se manchen\u201d.<\/p>\n<p>A su turno, la intendenta de la ciudad de Vera, Paula Mitre, asegur\u00f3 que la obra del hospital \u201ccomprende en s\u00ed misma la esencia de una sociedad que interpret\u00f3 el concepto de desarrollo y lo hizo porque en este rinc\u00f3n del norte de nuestra provincia hay dirigentes que logramos constituir consensos, para as\u00ed poder definir pol\u00edticas de Estado. Este es un logro que lo hicimos entre todos, cada uno desde su lugar y en el marco del respeto mutuo. Y tambi\u00e9n, usted se\u00f1or gobernador, nos escuch\u00f3 y tom\u00f3 la decisi\u00f3n de hacer esta inversi\u00f3n entre muchas otras\u201d.<\/p>\n<p>La jefa de la Regi\u00f3n Salud del departamento Vera, Beatriz Villa, record\u00f3 \u201cel compromiso que hizo el gobernador el 30 de diciembre de 2020, que es el que deben tener los que estamos al frente de una funci\u00f3n p\u00fablica, en donde la palabra tiene un valor, y eso demostr\u00f3 el gobernador, y luego del diagn\u00f3stico de situaci\u00f3n, me parec\u00eda que el departamento Vera se merec\u00eda tener camas cr\u00edticas. Estas 36 camas nuevas con alta tecnolog\u00eda, son un antes y un despu\u00e9s\u201d.<\/p>\n<p>Por \u00faltimo, la directora del Hospital, Carola Neumann, indic\u00f3 que \u201ces un momento hist\u00f3rico para la salud de Vera, porque no pens\u00e1bamos que \u00edbamos a tener semejante estructura y el comienzo de una mayor complejidad\u201d.<\/p>\n<p>El equipamiento incluye equipo de \u00e1cido base, equipo autoanalizador de qu\u00edmica, equipo analizador de electrolitos, contador hematol\u00f3gico, 2 respiradores, 2 carros de curaciones, 5 pies de suero, 5 monitores multiparam\u00e9tricos, cardiodesfibrilador, electrocardiograma y 10 computadoras.<\/p>\n<p>El efector brinda atenci\u00f3n en Cl\u00ednica M\u00e9dica General, Obstetricia, Pediatr\u00eda, Cardiolog\u00eda, Odontolog\u00eda y Kinesiolog\u00eda, neurolog\u00eda, otorrinolaringolog\u00eda, psicolog\u00eda, psiquiatr\u00eda, reumatolog\u00eda, oftalmolog\u00eda, radiolog\u00eda y ecograf\u00eda general. Contando con Internaci\u00f3n General y Quir\u00fargica, Pedi\u00e1trica y Tocoginecol\u00f3gica, a unos 35 mil habitantes de la zona.<\/p>\n<p>La obra se plante\u00f3 en cuatro sectores de actuaci\u00f3n. El Sector A, abarca las obras en \u00e1reas exteriores y obras generales o comunes, tanto para el resto de los sectores como para la totalidad del hospital. El Sector B contempla la refuncionalizaci\u00f3n de uno de los pabellones de internaci\u00f3n Sala de Cuidados Progresivos. El Sector C implica la construcci\u00f3n de la Nueva Guardia. El Sector D comprende la construcci\u00f3n y montaje de un edificio modular para Sala de Internaci\u00f3n General de hombres y mujeres.<\/p>\n<p><img decoding=\"async\" src=\"https:\/\/www.santafe.gov.ar\/noticias\/recursos\/fotos\/2023\/08\/2023-08-24NID_278885O_3.jpeg\" alt=\"\" \/><\/p>\n<p><strong>Entrega de escrituras<\/strong><\/p>\n<p>En la Asociaci\u00f3n Vecinal Barrio San Mart\u00edn de Vera, recibieron los t\u00edtulos de propiedad de sus viviendas 2 familias de La Gallareta, 1 de Fort\u00edn Olmos, 2 de Margarita, 14 de Calchaqu\u00ed, y 9 de Vera, en el marco del Programa de Escrituraci\u00f3n de Viviendas Fonavi.<\/p>\n<p>Al respecto, Frana record\u00f3 que \u201cpensamos la obra p\u00fablica en clave de derechos, a la conectividad, a la salud, y en este caso derechos a la vivienda, pero no se completa si no tenemos este papel que nos da la seguridad jur\u00eddica de que esa vivienda es nuestra\u201d.<\/p>\n<p>Acompa\u00f1aron al gobernador en la jornada las ministras de Ambiente y Cambio Clim\u00e1tico, Erika Gonnet; y de Gobierno, Justicia y Derechos Humanos, Celia Arena; intendentes de Calchaqu\u00ed, Rub\u00e9n Cuello; los presidentes comunales de Los Amores, Omar Walker; de Los T\u00e1banos, \u00c1ngel Nefle; y de Garabato, Belkis Villalba; el director provincial de Vivienda y Urbanismo, Edgardo Ragalli; y el presidente de la Vecinal San Mart\u00edn, Rub\u00e9n \u00c1ngel Senn; entre otras autoridades.<\/p>\n","protected":false},"excerpt":{"rendered":"<p>Fue en emotivo acto del que tambi\u00e9n participaron el senador Osvaldo Sosa y la intendente Paula Mitre. El gobernador Perotti inaugur\u00f3 este jueves el nuevo hospital Regional de la ciudad de Vera y entreg\u00f3 los t\u00edtulos de propiedad de sus viviendas a 28 familias del departamento. Al inaugurar el nuevo efector, Perotti destac\u00f3 la importancia [&hellip;]<\/p>\n","protected":false},"author":3,"featured_media":46331,"comment_status":"closed","ping_status":"closed","sticky":false,"template":"","format":"standard","meta":{"_joinchat":[],"footnotes":""},"categories":[53],"tags":[],"class_list":{"0":"post-46326","1":"post","2":"type-post","3":"status-publish","4":"format-standard","5":"has-post-thumbnail","7":"category-vera"},"_links":{"self":[{"href":"https:\/\/infovera.com.ar\/web\/wp-json\/wp\/v2\/posts\/46326","targetHints":{"allow":["GET"]}}],"collection":[{"href":"https:\/\/infovera.com.ar\/web\/wp-json\/wp\/v2\/posts"}],"about":[{"href":"https:\/\/infovera.com.ar\/web\/wp-json\/wp\/v2\/types\/post"}],"author":[{"embeddable":true,"href":"https:\/\/infovera.com.ar\/web\/wp-json\/wp\/v2\/users\/3"}],"replies":[{"embeddable":true,"href":"https:\/\/infovera.com.ar\/web\/wp-json\/wp\/v2\/comments?post=46326"}],"version-history":[{"count":0,"href":"https:\/\/infovera.com.ar\/web\/wp-json\/wp\/v2\/posts\/46326\/revisions"}],"wp:featuredmedia":[{"embeddable":true,"href":"https:\/\/infovera.com.ar\/web\/wp-json\/wp\/v2\/media\/46331"}],"wp:attachment":[{"href":"https:\/\/infovera.com.ar\/web\/wp-json\/wp\/v2\/media?parent=46326"}],"wp:term":[{"taxonomy":"category","embeddable":true,"href":"https:\/\/infovera.com.ar\/web\/wp-json\/wp\/v2\/categories?post=46326"},{"taxonomy":"post_tag","embeddable":true,"href":"https:\/\/infovera.com.ar\/web\/wp-json\/wp\/v2\/tags?post=46326"}],"curies":[{"name":"wp","href":"https:\/\/api.w.org\/{rel}","templated":true}]}}