{"id":46287,"date":"2023-08-23T13:19:00","date_gmt":"2023-08-23T16:19:00","guid":{"rendered":"https:\/\/infovera.com.ar\/web\/?p=46287"},"modified":"2023-08-24T09:28:38","modified_gmt":"2023-08-24T12:28:38","slug":"vera-y-otras-localidades-nortenas-podran-acceder-al-gas-natural","status":"publish","type":"post","link":"https:\/\/infovera.com.ar\/web\/2023\/08\/23\/vera-y-otras-localidades-nortenas-podran-acceder-al-gas-natural\/","title":{"rendered":"Vera y otras localidades norte\u00f1as podr\u00e1n acceder al gas natural"},"content":{"rendered":"<p>La ministra Frana anunci\u00f3 que las localidades de Villa Ocampo, San Javier, Romang, Vera y Malabrigo fueron autorizadas por Enargas para concretar sus proyectos de ejecuci\u00f3n e incorporarse a la red de distribuci\u00f3n de gas natural.<\/p>\n<p>El Ente Nacional Regulador del Gas (Enargas) autoriz\u00f3 a Enerfe a construir cinco nuevas redes de gas natural en el norte santafesino. Las mismas se podr\u00edan concretar en Villa Ocampo, General Obligado, Vera, Romang y San Javier. La noticia fue anunciada por la ministra de Infraestructura, Servicios P\u00fablicos y H\u00e1bitat, Silvina Frana.<\/p>\n<p>Las nuevas obras tienen por finalidad el abastecimiento con gas natural a usuarios residenciales y se suman a los proyectos que ya se encuentran en marcha en Florencia y Helvecia, y a las finalizadas en la ciudad de Reconquista.<\/p>\n<p>En este marco, Frana expres\u00f3 que \u201cestas son las noticias que afirman la voluntad pol\u00edtica de la gesti\u00f3n encabezada por el gobernador Omar Perotti, de dotar de infraestructura a las regiones que m\u00e1s lo necesitan, zonas que hist\u00f3ricamente han sido postergadas y hoy renuevan su esperanza de crecimiento, desarrollo, generaci\u00f3n de empleo y arraigo\u201d.<\/p>\n<p>!La llegada del gas natural a cada localidad es un antes y un despu\u00e9s para la calidad de vida de los vecinos y posibilita la instalaci\u00f3n de nuevas empresas, industrias y turismo. Es decir, con estas obras se logra motorizar el crecimiento econ\u00f3mico de una regi\u00f3n\u201d, asegur\u00f3 la ministra.<\/p>\n<p>\u201cLa inversi\u00f3n del gasoducto GNEA que se termin\u00f3 en 2015 gener\u00f3 la posibilidad que hoy se est\u00e9n tendiendo redes de gas natural en Helvecia y Florencia, un servicio clave que permitir\u00e1 a nuestras empresas reducir los costos y lograr mayor competitividad en el mercado. Y hoy tambi\u00e9n tenemos en marcha el Gasoducto Gran Santa Fe que est\u00e1 en pleno proceso de cruce lagunar; y el Gasoducto Gran Rosario, el Gasoducto Regional Sur y Regional Centro II, lo que significa que estamos gestionando la mayor inversi\u00f3n provincial en gasoductos de los \u00faltimos 40 a\u00f1os en el territorio santafesino\u201d, concluy\u00f3 Frana.<\/p>\n<p>Por su parte, el vicepresidente de Enerfe, Juan Cesoni, destac\u00f3 el trabajo realizado desde el Ministerio de Infraestructura para gestionar esta autorizaci\u00f3n de Enargas que requiri\u00f3 desarrollar cada uno de los proyectos ejecutivos de las obras junto a las localidades, para lograr los permisos. \u201cTenemos listos los proyectos para dotar de gas natural a estas cinco localidades, en el marco del Plan Ganes (Plan de Gasificaci\u00f3n del Noreste Santafesino), lo cual nos llena de satisfacci\u00f3n porque asumimos la responsabilidad de, una vez licitadas las obras, ejecutarlas y concretarlas\u201d.<\/p>\n<p><strong>PLAN GANES<\/strong><\/p>\n<p>Abarca m\u00e1s de 30 localidades con presencia en los departamentos La Capital, Garay, San Justo, San Javier, Vera y General Obligado.<\/p>\n<p>El proyecto beneficiar\u00e1 a las localidades de Reconquista, Vera, Malabrigo, Las Garzas, Villa Ocampo, Tacuarend\u00ed, Las Toscas, Florencia, Emilia, Videla, Ramay\u00f3n, Marcelino Escalada, Colonia Silva, Gobernador Crespo, La Criolla, Vera y Pintado, Pedro G\u00f3mez Cello, San Antonio de Obligado, Calchaqu\u00ed, Margarita, El Rab\u00f3n, Colonia Dolores, San Mart\u00edn Norte, Romang, Arroyo Ceibal, Berna, Helvecia, Guadalupe Norte y San Javier.<\/p>\n<p>Adem\u00e1s, la obra total de gas de media presi\u00f3n abarca a 1.269 industrias, 2.042 instituciones, 70.568 conexiones iniciales, y m\u00e1s de 100.000 conexiones domiciliarias proyectadas al a\u00f1o 2040.<\/p>\n","protected":false},"excerpt":{"rendered":"<p>La ministra Frana anunci\u00f3 que las localidades de Villa Ocampo, San Javier, Romang, Vera y Malabrigo fueron autorizadas por Enargas para concretar sus proyectos de ejecuci\u00f3n e incorporarse a la red de distribuci\u00f3n de gas natural. El Ente Nacional Regulador del Gas (Enargas) autoriz\u00f3 a Enerfe a construir cinco nuevas redes de gas natural en [&hellip;]<\/p>\n","protected":false},"author":3,"featured_media":46291,"comment_status":"closed","ping_status":"closed","sticky":false,"template":"","format":"standard","meta":{"_joinchat":[],"footnotes":""},"categories":[53],"tags":[],"class_list":{"0":"post-46287","1":"post","2":"type-post","3":"status-publish","4":"format-standard","5":"has-post-thumbnail","7":"category-vera"},"_links":{"self":[{"href":"https:\/\/infovera.com.ar\/web\/wp-json\/wp\/v2\/posts\/46287","targetHints":{"allow":["GET"]}}],"collection":[{"href":"https:\/\/infovera.com.ar\/web\/wp-json\/wp\/v2\/posts"}],"about":[{"href":"https:\/\/infovera.com.ar\/web\/wp-json\/wp\/v2\/types\/post"}],"author":[{"embeddable":true,"href":"https:\/\/infovera.com.ar\/web\/wp-json\/wp\/v2\/users\/3"}],"replies":[{"embeddable":true,"href":"https:\/\/infovera.com.ar\/web\/wp-json\/wp\/v2\/comments?post=46287"}],"version-history":[{"count":0,"href":"https:\/\/infovera.com.ar\/web\/wp-json\/wp\/v2\/posts\/46287\/revisions"}],"wp:featuredmedia":[{"embeddable":true,"href":"https:\/\/infovera.com.ar\/web\/wp-json\/wp\/v2\/media\/46291"}],"wp:attachment":[{"href":"https:\/\/infovera.com.ar\/web\/wp-json\/wp\/v2\/media?parent=46287"}],"wp:term":[{"taxonomy":"category","embeddable":true,"href":"https:\/\/infovera.com.ar\/web\/wp-json\/wp\/v2\/categories?post=46287"},{"taxonomy":"post_tag","embeddable":true,"href":"https:\/\/infovera.com.ar\/web\/wp-json\/wp\/v2\/tags?post=46287"}],"curies":[{"name":"wp","href":"https:\/\/api.w.org\/{rel}","templated":true}]}}