{"id":46283,"date":"2023-08-23T14:05:08","date_gmt":"2023-08-23T17:05:08","guid":{"rendered":"https:\/\/infovera.com.ar\/web\/?p=46283"},"modified":"2023-08-24T09:38:37","modified_gmt":"2023-08-24T12:38:37","slug":"saqueos-y-desmanes-en-el-pais-la-policia-monitorea-de-cerca-la-situacion-en-el-norte-provincial","status":"publish","type":"post","link":"https:\/\/infovera.com.ar\/web\/2023\/08\/23\/saqueos-y-desmanes-en-el-pais-la-policia-monitorea-de-cerca-la-situacion-en-el-norte-provincial\/","title":{"rendered":"Saqueos y desmanes en el pa\u00eds: la polic\u00eda vigila de cerca la situaci\u00f3n en el norte provincial"},"content":{"rendered":"<p>Se intensific\u00f3 la vigilancia, aunque por el momento la situaci\u00f3n es normal y est\u00e1 bajo control. Desde la fuerza mostraron su inquietud por la proliferaci\u00f3n de robos para luego vender el bot\u00edn y poder comer. Preocupaci\u00f3n por el combo de hacinamiento, desigualdad, pobreza y hambre.<\/p>\n<p>Luego de los hechos sucedidos en la ciudad de C\u00f3rdoba, con 12 episodios de intentos de saqueos de supermercados y almacenes de barrio que estuvieron precedidos por ataques contra comercios de venta de alimentos en R\u00edo Cuarto, Neuqu\u00e9n, Mendoza y el AMBA, la polic\u00eda del norte provincial opera por estas horas en alerta para prevenir cualquier posibilidad de efecto contagio de ese tipo de desmanes.<\/p>\n<p>Fuentes calificadas de la fuerza mostraron su preocupaci\u00f3n por que las im\u00e1genes que ganaron espacio en los canales nacionales de noticias en los \u00faltimos d\u00edas puedan actuar como factor multiplicador de la crispaci\u00f3n de los \u00e1nimos de un sector de la sociedad muy golpeado por la crisis econ\u00f3mica y las consecuencias devastadoras del incremento de los productos b\u00e1sicos.<\/p>\n<p>\u201cHay mucho hacinamiento, viven cinco o seis familias por casa, y a eso se suma la enorme desigualdad social, mucha pobreza\u201d, se\u00f1alaron, para describir la realidad de necesidades b\u00e1sicas insatisfechas que afecta a los n\u00facleos familiares de los barrios m\u00e1s carenciados de las ciudades.<\/p>\n<p><strong>Cuadro de situaci\u00f3n<\/strong><\/p>\n<p>Sin embargo, dejaron en claro que \u201cno es algo que lo vaya a poder resolver la polic\u00eda\u201d, sino que \u201cse trata de una cuesti\u00f3n social que es responsabilidad de otras \u00e1reas del Estado\u201d, a la vez que aseguraron que la situaci\u00f3n est\u00e1 controlada en la regi\u00f3n. Aun as\u00ed, se desplegaron patrullajes preventivos en las principales urbes y monitorean de cerca lo que pueda suceder en Tacuarend\u00ed (norte de General Obligado), localidad sede de delegaciones de movimientos sociales como el Polo Obrero y Teresa Rodr\u00edguez, por nombrar algunas.<\/p>\n<p>La inquietud manifestada por la fuerza de seguridad tambi\u00e9n tiene asidero en el desmejoramiento del poder de compra de lo que perciben beneficiarios de planes sociales y asignaciones familiares, y en la merma de personal disponible para hacer frente a eventuales focos de conflicto: \u201cHace meses que estamos mandando gente a reforzar Rosario\u201d, revelaron contactos de esas filas, bajo pedido de anonimato, y no dudaron en incluir a polic\u00edas dentro de las penurias econ\u00f3micas al afirmar que \u201choy un vigilante no llega a cubrir la canasta alimentaria\u201d.<\/p>\n<p>\u201cTenemos robos todos los d\u00edas, incluso como el otro d\u00eda que un pibe de 13 a\u00f1os rob\u00f3 un taladro, roban lo que encuentran para venderlo y comer, entran a las viviendas y se llevan lo que haya. La gente despu\u00e9s se lo compra, que ese tambi\u00e9n es otro tema\u201d, graficaron, sobre un hecho reciente ocurrido en Reconquista.<\/p>\n<p><strong>Escenario complicado<\/strong><\/p>\n<p>Con los resortes institucionales para llevar alivio a la situaci\u00f3n de hast\u00edo y miseria en la que perviven grandes bolsones de la sociedad vedados a la funci\u00f3n policial por obvias razones, la polic\u00eda norte\u00f1a intent\u00f3 gestionar la prevenci\u00f3n de ese tipos de incidentes con una convocatoria amplia a las instituciones y entidades de Reconquista con el objetivo, primero, de interiorizarlas del cuadro latente, y luego de comprometerlas a integrar una red de contenci\u00f3n que tenga como norte la galvanizaci\u00f3n de la paz social.<\/p>\n<p>Pero, la idea es aunar las voluntades de pol\u00edticos, dirigentes sociales, empresarios, profesionales, referentes institucionales y barriales no fue autorizada desde la superioridad provincial, en atenci\u00f3n a que ese tipo de iniciativas deben partir desde las fuerzas vivas no castrenses, seg\u00fan pudo recoger <strong>InfoVera<\/strong>.<\/p>\n<p>Por el momento, la polic\u00eda sigue con atenci\u00f3n los acontecimientos -que anoche tuvieron hechos violentos en el conurbano bonaerense y la ciudad de Santa Fe- con el fin de estar preparados ante lo que la estima ser\u00e1 un escenario complicado de aqu\u00ed en m\u00e1s, y \u201cpeor a\u00fan si al oficialismo le va mal en las urnas. Lo que pasa es que el peronismo es el \u00fanico que contiene algo, si pierde se puede complicar m\u00e1s despu\u00e9s de las elecciones\u201d.<\/p>\n<p><strong>En Vera<\/strong><\/p>\n<p>En esta ciudad, la jornada del mi\u00e9rcoles presenta la normalidad habitual. La polic\u00eda verense, al igual que el resto de la departamentales, recibi\u00f3 directivas para llevar adelante una vigilancia especial, con recorridos a modo de prevenci\u00f3n en comercios, y establecer una pesquisa virtual en redes sociales para rastrear a posibles instigadores.<\/p>\n<p>&nbsp;<\/p>\n","protected":false},"excerpt":{"rendered":"<p>Se intensific\u00f3 la vigilancia, aunque por el momento la situaci\u00f3n es normal y est\u00e1 bajo control. Desde la fuerza mostraron su inquietud por la proliferaci\u00f3n de robos para luego vender el bot\u00edn y poder comer. Preocupaci\u00f3n por el combo de hacinamiento, desigualdad, pobreza y hambre. Luego de los hechos sucedidos en la ciudad de C\u00f3rdoba, [&hellip;]<\/p>\n","protected":false},"author":3,"featured_media":17577,"comment_status":"closed","ping_status":"closed","sticky":false,"template":"","format":"standard","meta":{"_joinchat":[],"footnotes":""},"categories":[51],"tags":[],"class_list":{"0":"post-46283","1":"post","2":"type-post","3":"status-publish","4":"format-standard","5":"has-post-thumbnail","7":"category-locales"},"_links":{"self":[{"href":"https:\/\/infovera.com.ar\/web\/wp-json\/wp\/v2\/posts\/46283","targetHints":{"allow":["GET"]}}],"collection":[{"href":"https:\/\/infovera.com.ar\/web\/wp-json\/wp\/v2\/posts"}],"about":[{"href":"https:\/\/infovera.com.ar\/web\/wp-json\/wp\/v2\/types\/post"}],"author":[{"embeddable":true,"href":"https:\/\/infovera.com.ar\/web\/wp-json\/wp\/v2\/users\/3"}],"replies":[{"embeddable":true,"href":"https:\/\/infovera.com.ar\/web\/wp-json\/wp\/v2\/comments?post=46283"}],"version-history":[{"count":0,"href":"https:\/\/infovera.com.ar\/web\/wp-json\/wp\/v2\/posts\/46283\/revisions"}],"wp:featuredmedia":[{"embeddable":true,"href":"https:\/\/infovera.com.ar\/web\/wp-json\/wp\/v2\/media\/17577"}],"wp:attachment":[{"href":"https:\/\/infovera.com.ar\/web\/wp-json\/wp\/v2\/media?parent=46283"}],"wp:term":[{"taxonomy":"category","embeddable":true,"href":"https:\/\/infovera.com.ar\/web\/wp-json\/wp\/v2\/categories?post=46283"},{"taxonomy":"post_tag","embeddable":true,"href":"https:\/\/infovera.com.ar\/web\/wp-json\/wp\/v2\/tags?post=46283"}],"curies":[{"name":"wp","href":"https:\/\/api.w.org\/{rel}","templated":true}]}}