{"id":46266,"date":"2023-08-22T21:25:23","date_gmt":"2023-08-23T00:25:23","guid":{"rendered":"https:\/\/infovera.com.ar\/web\/?p=46266"},"modified":"2023-08-22T21:25:23","modified_gmt":"2023-08-23T00:25:23","slug":"la-provincia-continua-dictando-las-capacitaciones-para-jefas-y-jefes-de-local-y-asistentes-de-escrutinio","status":"publish","type":"post","link":"https:\/\/infovera.com.ar\/web\/2023\/08\/22\/la-provincia-continua-dictando-las-capacitaciones-para-jefas-y-jefes-de-local-y-asistentes-de-escrutinio\/","title":{"rendered":"La provincia contin\u00faa dictando las capacitaciones para jefas y jefes de local y asistentes de escrutinio"},"content":{"rendered":"<p><span style=\"font-family: Arial, Helvetica, sans-serif;\">La Secretar\u00eda Electoral de la provincia continua dictando este martes las capacitaciones, en modalidad presencial, destinadas a jefas y jefes de local y asistentes de escrutinio, con vistas a las elecciones generales provinciales del 10 de septiembre.<\/span><\/p>\n<p><span style=\"font-family: Arial, Helvetica, sans-serif;\">Durante las capacitaciones se abordan tem\u00e1ticas relacionadas con las funciones de cada una de las autoridades; las tareas a realizar durante toda la jornada electoral; c\u00f3mo completar la documentaci\u00f3n electoral; y cuestiones pr\u00e1cticas sobre el env\u00edo de los telegramas de escrutinio.<\/span><\/p>\n<p><span style=\"font-family: Arial, Helvetica, sans-serif;\">Cabe recordar que estas actividades comenzaron el 16 de agosto pasado y ya participaron mas de 500 autoridades de local de toda la provincia.<\/span><\/p>\n<p><span style=\"font-family: Arial, Helvetica, sans-serif;\">Para consultar el calendario de las capacitaciones, ingresar\u00a0<a href=\"https:\/\/www.santafe.gov.ar\/tribunalelectoral\/jefe-de-local-y-asistente-de-escrutinio\/\" target=\"_blank\" rel=\"noopener\" data-saferedirecturl=\"https:\/\/www.google.com\/url?q=https:\/\/www.santafe.gov.ar\/tribunalelectoral\/jefe-de-local-y-asistente-de-escrutinio\/&amp;source=gmail&amp;ust=1692836538439000&amp;usg=AOvVaw0y_k-40c8ZFIpvQ9IqZ6Tc\">aqu\u00ed<\/a><\/span><\/p>\n","protected":false},"excerpt":{"rendered":"<p>La Secretar\u00eda Electoral de la provincia continua dictando este martes las capacitaciones, en modalidad presencial, destinadas a jefas y jefes de local y asistentes de escrutinio, con vistas a las elecciones generales provinciales del 10 de septiembre. Durante las capacitaciones se abordan tem\u00e1ticas relacionadas con las funciones de cada una de las autoridades; las tareas [&hellip;]<\/p>\n","protected":false},"author":3,"featured_media":46267,"comment_status":"closed","ping_status":"closed","sticky":false,"template":"","format":"standard","meta":{"_joinchat":[],"footnotes":""},"categories":[60],"tags":[],"class_list":{"0":"post-46266","1":"post","2":"type-post","3":"status-publish","4":"format-standard","5":"has-post-thumbnail","7":"category-provinciales"},"_links":{"self":[{"href":"https:\/\/infovera.com.ar\/web\/wp-json\/wp\/v2\/posts\/46266","targetHints":{"allow":["GET"]}}],"collection":[{"href":"https:\/\/infovera.com.ar\/web\/wp-json\/wp\/v2\/posts"}],"about":[{"href":"https:\/\/infovera.com.ar\/web\/wp-json\/wp\/v2\/types\/post"}],"author":[{"embeddable":true,"href":"https:\/\/infovera.com.ar\/web\/wp-json\/wp\/v2\/users\/3"}],"replies":[{"embeddable":true,"href":"https:\/\/infovera.com.ar\/web\/wp-json\/wp\/v2\/comments?post=46266"}],"version-history":[{"count":0,"href":"https:\/\/infovera.com.ar\/web\/wp-json\/wp\/v2\/posts\/46266\/revisions"}],"wp:featuredmedia":[{"embeddable":true,"href":"https:\/\/infovera.com.ar\/web\/wp-json\/wp\/v2\/media\/46267"}],"wp:attachment":[{"href":"https:\/\/infovera.com.ar\/web\/wp-json\/wp\/v2\/media?parent=46266"}],"wp:term":[{"taxonomy":"category","embeddable":true,"href":"https:\/\/infovera.com.ar\/web\/wp-json\/wp\/v2\/categories?post=46266"},{"taxonomy":"post_tag","embeddable":true,"href":"https:\/\/infovera.com.ar\/web\/wp-json\/wp\/v2\/tags?post=46266"}],"curies":[{"name":"wp","href":"https:\/\/api.w.org\/{rel}","templated":true}]}}