{"id":46247,"date":"2023-08-21T19:59:12","date_gmt":"2023-08-21T22:59:12","guid":{"rendered":"https:\/\/infovera.com.ar\/web\/?p=46247"},"modified":"2023-08-22T10:55:01","modified_gmt":"2023-08-22T13:55:01","slug":"amra-aclaro-que-no-fue-aceptada-la-oferta-salarial-del-gobierno","status":"publish","type":"post","link":"https:\/\/infovera.com.ar\/web\/2023\/08\/21\/amra-aclaro-que-no-fue-aceptada-la-oferta-salarial-del-gobierno\/","title":{"rendered":"AMRA aclar\u00f3 que no fue aceptada la oferta salarial del gobierno"},"content":{"rendered":"<p>El Sindicato de M\u00e9dicos de la Rep\u00fablica Argentina AMRA Seccionales Norte Centro y Sur de Santa Fe inform\u00f3 que la tarde de ayer, jueves 17 de agosto, se llev\u00f3 adelante en el Ministerio de Trabajo de la ciudad capital una nueva reuni\u00f3n paritaria entre los representantes de nuestro gremio y las autoridades de los ministerios de Trabajo, Salud y Gesti\u00f3n P\u00fablica.<\/p>\n<p>Estuvieron presentes por AMRA Taboada, Rossi, Crispo, Barbieri y Beltrame.<\/p>\n<p>En dicho c\u00f3nclave, el gobierno provincial &#8220;no realiz\u00f3 una nueva oferta que resulte superadora, lo que gener\u00f3 que nuestro gremio mantenga la no aceptaci\u00f3n de la misma&#8221;, aclar\u00f3 la dirigencia gremial.<\/p>\n<p>A su vez, se acord\u00f3 continuar con las mesas t\u00e9cnicas referidas a Ganancias, cambio de escalaf\u00f3n y pase a planta de contratados. agreg\u00f3.<\/p>\n<p>Por \u00faltimo, los representantes de AMRA indicaron que &#8220;se decidi\u00f3 pasar a un cuarto intermedio en la negociaci\u00f3n salarial (la misma sigue abierta) m\u00e1s all\u00e1 de que, paralelamente, los funcionarios del Poder Ejecutivo expresaron que van a liquidar los haberes de agosto con un 25 % de aumento a todos los profesionales de la salud, incluidos los contratados, a pesar de no encontrase aceptada la propuesta elevada por el gobierno provincial&#8221;.<\/p>\n","protected":false},"excerpt":{"rendered":"<p>El Sindicato de M\u00e9dicos de la Rep\u00fablica Argentina AMRA Seccionales Norte Centro y Sur de Santa Fe inform\u00f3 que la tarde de ayer, jueves 17 de agosto, se llev\u00f3 adelante en el Ministerio de Trabajo de la ciudad capital una nueva reuni\u00f3n paritaria entre los representantes de nuestro gremio y las autoridades de los ministerios [&hellip;]<\/p>\n","protected":false},"author":3,"featured_media":46248,"comment_status":"closed","ping_status":"closed","sticky":false,"template":"","format":"standard","meta":{"_joinchat":[],"footnotes":""},"categories":[60],"tags":[],"class_list":{"0":"post-46247","1":"post","2":"type-post","3":"status-publish","4":"format-standard","5":"has-post-thumbnail","7":"category-provinciales"},"_links":{"self":[{"href":"https:\/\/infovera.com.ar\/web\/wp-json\/wp\/v2\/posts\/46247","targetHints":{"allow":["GET"]}}],"collection":[{"href":"https:\/\/infovera.com.ar\/web\/wp-json\/wp\/v2\/posts"}],"about":[{"href":"https:\/\/infovera.com.ar\/web\/wp-json\/wp\/v2\/types\/post"}],"author":[{"embeddable":true,"href":"https:\/\/infovera.com.ar\/web\/wp-json\/wp\/v2\/users\/3"}],"replies":[{"embeddable":true,"href":"https:\/\/infovera.com.ar\/web\/wp-json\/wp\/v2\/comments?post=46247"}],"version-history":[{"count":0,"href":"https:\/\/infovera.com.ar\/web\/wp-json\/wp\/v2\/posts\/46247\/revisions"}],"wp:featuredmedia":[{"embeddable":true,"href":"https:\/\/infovera.com.ar\/web\/wp-json\/wp\/v2\/media\/46248"}],"wp:attachment":[{"href":"https:\/\/infovera.com.ar\/web\/wp-json\/wp\/v2\/media?parent=46247"}],"wp:term":[{"taxonomy":"category","embeddable":true,"href":"https:\/\/infovera.com.ar\/web\/wp-json\/wp\/v2\/categories?post=46247"},{"taxonomy":"post_tag","embeddable":true,"href":"https:\/\/infovera.com.ar\/web\/wp-json\/wp\/v2\/tags?post=46247"}],"curies":[{"name":"wp","href":"https:\/\/api.w.org\/{rel}","templated":true}]}}